{"id":50194,"date":"2020-11-16T19:24:10","date_gmt":"2020-11-16T22:24:10","guid":{"rendered":"http:\/\/informeformosa.com.ar\/?p=50194"},"modified":"2020-11-16T19:24:13","modified_gmt":"2020-11-16T22:24:13","slug":"mas-inclusion-social-nacion-concreta-importantes-ampliaciones-en-la-auh","status":"publish","type":"post","link":"http:\/\/informeformosa.com.ar\/?p=50194","title":{"rendered":"M\u00e1s inclusi\u00f3n social: Naci\u00f3n concreta importantes ampliaciones en la AUH"},"content":{"rendered":"\n<p>\u201cPrimero, los \u00faltimos\u201d, hab\u00eda enfatizado el presidente de la Naci\u00f3n, Alberto Fern\u00e1ndez, al anunciar d\u00edas pasados la inclusi\u00f3n de cerca de un mill\u00f3n de ni\u00f1as, ni\u00f1os y adolescentes a la Asignaci\u00f3n Universal por Hijo (AUH), sistema de protecci\u00f3n social que otorga un beneficio mensual y que con esta ampliaci\u00f3n implica una inversi\u00f3n del Estado de $30 mil millones.<\/p>\n\n\n\n<p>Al efectuar el anuncio, el Presidente calific\u00f3 a la AUH como una medida \u201crevolucionaria en la seguridad social\u201d, al explicar que fue la primera vez que un plan \u201cse universaliz\u00f3 para proteger a los chicos m\u00e1s desprotegidos\u201d. \u201cEl d\u00eda que igualemos a la Argentina, todos estaremos moralmente m\u00e1s tranquilos\u201d, reforz\u00f3 el jefe de Estado.<\/p>\n\n\n\n<p>Al respecto, en contacto con&nbsp;<strong>AGENFOR,&nbsp;<\/strong>el ingeniero Ricardo Oviedo, responsable de la UDAI Formosa de la ANSeS, destac\u00f3 \u201cel gran esfuerzo que est\u00e1 haciendo el Gobierno Nacional para que los argentinos y las argentinas puedan afrontar la dif\u00edcil situaci\u00f3n de la pandemia\u201d.<\/p>\n\n\n\n<p>En ese sentido, inform\u00f3 que en el mes de diciembre todos los titulares de la AUH cobrar\u00e1n el 20% acumulado.<\/p>\n\n\n\n<p>Explic\u00f3 que \u201cmensualmente lo que se paga es el 80% del haber que corresponde por cada asignaci\u00f3n y un 20% queda retenido y se abona a fin de a\u00f1o con la presentaci\u00f3n de la constancia de escolaridad y el certificado de buena salud con la aplicaci\u00f3n de todas las vacunas\u201d, ya que \u201cuno de los objetivos es facilitar que no s\u00f3lo se trate de una ayuda econ\u00f3mica, sino que la familia tenga a los hijos en el sistema escolar y con la cobertura sanitaria\u201d.<\/p>\n\n\n\n<p>Refiri\u00f3 que \u201cen virtud de la pandemia, el Gobierno Nacional ha decidido que en el mes de diciembre todos los beneficiarios cobren ese 20%, a\u00fan aquellos que no hayan presentado su registro de escolaridad o registro de salud\u201d.<\/p>\n\n\n\n<p>\u201cEs as\u00ed que est\u00e1 garantizado el pago del 20% acumulado, lo cual es un valor bastante importante porque es el 20% de todos los meses que corresponden del a\u00f1o\u201d, resalt\u00f3, indicando a la vez que en el 2020 queda suspendida la presentaci\u00f3n de la libreta AUH.<\/p>\n\n\n\n<p><strong>Eliminaci\u00f3n de topes<\/strong><\/p>\n\n\n\n<p>Adem\u00e1s, el titular de la UDAI Formosa consign\u00f3 a esta Agencia que se elimina el tope de hijos e hijas por familia para el cobro de las AUH. \u201cHasta el momento s\u00f3lo pod\u00edan cobrar este beneficio hasta cinco menores y eso hac\u00eda que muchos chicos quedaran fuera de esta cobertura\u201d, se\u00f1al\u00f3.<\/p>\n\n\n\n<p>Hizo notar que ahora, con la decisi\u00f3n del Gobierno del presidente Alberto Fern\u00e1ndez, \u201clo que se promueve es la inclusi\u00f3n de todos estos menores con la posibilidad de que tengan una cobertura m\u00ednima\u201d.<\/p>\n\n\n\n<p>A esto se agrega que tambi\u00e9n se suprime el tope m\u00ednimo de ingresos para el cobro de las Asignaciones Familiares, con lo cual \u201cya no se requerir\u00e1 un valor m\u00ednimo a partir del que se paga la AUH, llegando as\u00ed a todos los trabajadores\u201d.<\/p>\n\n\n\n<p>Asimismo, los trabajadores y las trabajadoras&nbsp; monotrobutistas no perder\u00e1n el beneficio por atraso en el pago del monotributo.<\/p>\n\n\n\n<p><strong>Ampliaci\u00f3n de derechos<\/strong><\/p>\n\n\n\n<p>\u201cSon todas medidas tendientes a garantizar que las familias puedan tener un ingreso m\u00ednimo fundamental para la subsistencia\u201d, puso en valor Oviedo, ponderando el \u201cgran esfuerzo que est\u00e1 haciendo el Gobierno Nacional para que los argentinos y las argentinas puedan afrontar la dif\u00edcil situaci\u00f3n de la pandemia\u201d.<\/p>\n\n\n\n<p>Recalc\u00f3 que \u201ccon todo esto venimos a ampliar derechos, a que haya m\u00e1s inclusi\u00f3n y que m\u00e1s personas tengan garantizada la subsistencia, que es la caracter\u00edstica fundamental de un Gobierno nacional y popular como es el de Alberto Fern\u00e1ndez, a diferencia de la gesti\u00f3n anterior que exclusivamente se dedic\u00f3 a quitar derechos y a eliminar importantes logros que se hab\u00edan obtenido\u201d, concluy\u00f3.&nbsp;<\/p>\n","protected":false},"excerpt":{"rendered":"<p>\u201cPrimero, los \u00faltimos\u201d, hab\u00eda enfatizado el presidente de la Naci\u00f3n, Alberto Fern\u00e1ndez, al anunciar d\u00edas pasados la inclusi\u00f3n de cerca de un mill\u00f3n de ni\u00f1as, ni\u00f1os y adolescentes a la Asignaci\u00f3n Universal por Hijo (AUH), sistema de protecci\u00f3n social que otorga un beneficio mensual y que con esta ampliaci\u00f3n implica una inversi\u00f3n del Estado de [&hellip;]<\/p>\n","protected":false},"author":11,"featured_media":50200,"comment_status":"closed","ping_status":"closed","sticky":false,"template":"","format":"standard","meta":{"footnotes":""},"categories":[6],"tags":[],"class_list":["post-50194","post","type-post","status-publish","format-standard","has-post-thumbnail","hentry","category-nacionales"],"_links":{"self":[{"href":"http:\/\/informeformosa.com.ar\/index.php?rest_route=\/wp\/v2\/posts\/50194","targetHints":{"allow":["GET"]}}],"collection":[{"href":"http:\/\/informeformosa.com.ar\/index.php?rest_route=\/wp\/v2\/posts"}],"about":[{"href":"http:\/\/informeformosa.com.ar\/index.php?rest_route=\/wp\/v2\/types\/post"}],"author":[{"embeddable":true,"href":"http:\/\/informeformosa.com.ar\/index.php?rest_route=\/wp\/v2\/users\/11"}],"replies":[{"embeddable":true,"href":"http:\/\/informeformosa.com.ar\/index.php?rest_route=%2Fwp%2Fv2%2Fcomments&post=50194"}],"version-history":[{"count":1,"href":"http:\/\/informeformosa.com.ar\/index.php?rest_route=\/wp\/v2\/posts\/50194\/revisions"}],"predecessor-version":[{"id":50201,"href":"http:\/\/informeformosa.com.ar\/index.php?rest_route=\/wp\/v2\/posts\/50194\/revisions\/50201"}],"wp:featuredmedia":[{"embeddable":true,"href":"http:\/\/informeformosa.com.ar\/index.php?rest_route=\/wp\/v2\/media\/50200"}],"wp:attachment":[{"href":"http:\/\/informeformosa.com.ar\/index.php?rest_route=%2Fwp%2Fv2%2Fmedia&parent=50194"}],"wp:term":[{"taxonomy":"category","embeddable":true,"href":"http:\/\/informeformosa.com.ar\/index.php?rest_route=%2Fwp%2Fv2%2Fcategories&post=50194"},{"taxonomy":"post_tag","embeddable":true,"href":"http:\/\/informeformosa.com.ar\/index.php?rest_route=%2Fwp%2Fv2%2Ftags&post=50194"}],"curies":[{"name":"wp","href":"https:\/\/api.w.org\/{rel}","templated":true}]}}