{"id":50193,"date":"2020-11-16T19:24:16","date_gmt":"2020-11-16T22:24:16","guid":{"rendered":"http:\/\/informeformosa.com.ar\/?p=50193"},"modified":"2020-11-16T19:24:19","modified_gmt":"2020-11-16T22:24:19","slug":"coronavirus-hay-17-pacientes-internados-todos-asintomaticos","status":"publish","type":"post","link":"http:\/\/informeformosa.com.ar\/?p=50193","title":{"rendered":"Coronavirus: hay 17 pacientes  internados, todos asintom\u00e1ticos"},"content":{"rendered":"\n<p>Al participar de la conferencia de este lunes del Consejo de Atenci\u00f3n Integral de la Emergencia COVID-19, el m\u00e9dico infect\u00f3logo Juli\u00e1n Bibolini inform\u00f3 que actualmente en la provincia de Formosa hay 17 personas cursando la enfermedad del coronavirus, por lo que permanecen internadas en el Hospital de la Contingencia COVID-19, que funciona en el Interdistrital Evita.<\/p>\n\n\n\n<p>El jefe de Infectolog\u00eda y Control de Infecciones del Hospital de Alta Complejidad precis\u00f3 que todos los pacientes se encuentran asintom\u00e1ticos, es decir, que \u201ccl\u00ednicamente no presentan ning\u00fan s\u00edntoma compatible con el COVID-19\u201d.<\/p>\n\n\n\n<p>En tanto, el profesional indic\u00f3 una sola persona de sexo femenino presenta un cuadro de inmunodeficiencia. \u201cPor ello, a esta persona la estamos estudiando m\u00e1s profundamente, pero por la inmunodeficiencia, no por el coronavirus\u201d, aclar\u00f3.<\/p>\n\n\n\n<p>Abund\u00f3 diciendo que \u201cla infecci\u00f3n de coronavirus en pacientes con inmunodeficiencia pueden tener peor pron\u00f3stico y ante estoes que estamos haciendo todo lo posible para tratar de mejorar ese cuadro\u201d.<\/p>\n\n\n\n<p>Cabe se\u00f1alar, que este lunes dos pacientes m\u00e1s recibieron el alta m\u00e9dica, ambas mujeres de 26 y 60 a\u00f1os respectivamente, quienes cumplieron el periodo cl\u00ednico de la infecci\u00f3n, y obtuvieron dos resultados negativos consecutivos de PCR con tres d\u00edas de diferencia. Por ende, no constituyen riesgo alguno para sus familiares ni para la comunidad. Y de esta manera ya son 157 las personas recuperadas de COVID en la provincia.<\/p>\n","protected":false},"excerpt":{"rendered":"<p>Al participar de la conferencia de este lunes del Consejo de Atenci\u00f3n Integral de la Emergencia COVID-19, el m\u00e9dico infect\u00f3logo Juli\u00e1n Bibolini inform\u00f3 que actualmente en la provincia de Formosa hay 17 personas cursando la enfermedad del coronavirus, por lo que permanecen internadas en el Hospital de la Contingencia COVID-19, que funciona en el Interdistrital [&hellip;]<\/p>\n","protected":false},"author":11,"featured_media":50196,"comment_status":"closed","ping_status":"closed","sticky":false,"template":"","format":"standard","meta":{"footnotes":""},"categories":[12],"tags":[],"class_list":["post-50193","post","type-post","status-publish","format-standard","has-post-thumbnail","hentry","category-salud"],"_links":{"self":[{"href":"http:\/\/informeformosa.com.ar\/index.php?rest_route=\/wp\/v2\/posts\/50193","targetHints":{"allow":["GET"]}}],"collection":[{"href":"http:\/\/informeformosa.com.ar\/index.php?rest_route=\/wp\/v2\/posts"}],"about":[{"href":"http:\/\/informeformosa.com.ar\/index.php?rest_route=\/wp\/v2\/types\/post"}],"author":[{"embeddable":true,"href":"http:\/\/informeformosa.com.ar\/index.php?rest_route=\/wp\/v2\/users\/11"}],"replies":[{"embeddable":true,"href":"http:\/\/informeformosa.com.ar\/index.php?rest_route=%2Fwp%2Fv2%2Fcomments&post=50193"}],"version-history":[{"count":1,"href":"http:\/\/informeformosa.com.ar\/index.php?rest_route=\/wp\/v2\/posts\/50193\/revisions"}],"predecessor-version":[{"id":50202,"href":"http:\/\/informeformosa.com.ar\/index.php?rest_route=\/wp\/v2\/posts\/50193\/revisions\/50202"}],"wp:featuredmedia":[{"embeddable":true,"href":"http:\/\/informeformosa.com.ar\/index.php?rest_route=\/wp\/v2\/media\/50196"}],"wp:attachment":[{"href":"http:\/\/informeformosa.com.ar\/index.php?rest_route=%2Fwp%2Fv2%2Fmedia&parent=50193"}],"wp:term":[{"taxonomy":"category","embeddable":true,"href":"http:\/\/informeformosa.com.ar\/index.php?rest_route=%2Fwp%2Fv2%2Fcategories&post=50193"},{"taxonomy":"post_tag","embeddable":true,"href":"http:\/\/informeformosa.com.ar\/index.php?rest_route=%2Fwp%2Fv2%2Ftags&post=50193"}],"curies":[{"name":"wp","href":"https:\/\/api.w.org\/{rel}","templated":true}]}}