{"id":50171,"date":"2020-11-12T18:07:54","date_gmt":"2020-11-12T21:07:54","guid":{"rendered":"http:\/\/informeformosa.com.ar\/?p=50171"},"modified":"2020-11-12T18:07:59","modified_gmt":"2020-11-12T21:07:59","slug":"grandes-expectativas-en-la-comunidad-por-la-inauguracion-de-la-escuela-de-frontera-n2-en-mojon-de-fierro","status":"publish","type":"post","link":"http:\/\/informeformosa.com.ar\/?p=50171","title":{"rendered":"Grandes expectativas en la comunidad por la inauguraci\u00f3n de la Escuela de Frontera N\u00b02 en Moj\u00f3n de Fierro"},"content":{"rendered":"\n<p>Este jueves por la ma\u00f1ana, equipos de educaci\u00f3n, ceremonial, la delegaci\u00f3n zonal, directivos del establecimiento y cuerpo docente, visit\u00f3 y recorri\u00f3 las instalaciones del edificio ampliado y refaccionado de la <em>Escuela Provincial de Educaci\u00f3n Primaria de Frontera (EPEPF) N\u00b02 \u201cProvincia de Formosa\u201d, de Moj\u00f3n de Fierro, que se inaugurar\u00e1 este viernes 13 de noviembre, a las 8:15 horas.<\/em><\/p>\n\n\n\n<p><em>El evento estar\u00e1 encabezado por el Gobernador de la provincia, Dr. Gildo Insfr\u00e1n, de manera virtual; y contar\u00e1 con la presencia del vicegobernador, Eber Wilson Sol\u00eds y adem\u00e1s autoridades provinciales y escolares, respetando los protocolos vigentes por la pandemia del COVID 19.<\/em><\/p>\n\n\n\n<p><em>En ese contexto, el director de la instituci\u00f3n, Cesar Velazco, dialog\u00f3 con <strong>AGENFOR<\/strong> y expres\u00f3 las expectativas de la comunidad respecto a la pr\u00f3xima inauguraci\u00f3n.<\/em><\/p>\n\n\n\n<p>\u201cEste es un sue\u00f1o hecho realidad para toda la comunidad educativa, tener una infraestructura de esta envergadura es una cosa sumamente importante y solamente creo que en Formosa ocurren estas cosas encabezado por nuestro querido gobernador Gildo Insfr\u00e1n\u201d, sostuvo el docente.<\/p>\n\n\n\n<p>Adem\u00e1s, indic\u00f3 que todos los salones est\u00e1n equipados con aire acondicionado y ventiladores, e inclusive algunos cuentan con dos equipos de aire como la sala de inform\u00e1tica o la biblioteca, por lo que Velazco consider\u00f3 que \u201ces un edificio a la altura que estamos viviendo\u201d.<\/p>\n\n\n\n<p>\u201cEs una escuela c\u00f3moda, amplia, la comunidad educativa est\u00e1 agradecida de coraz\u00f3n al Gobernador\u201d, asever\u00f3.<\/p>\n\n\n\n<p>Por su parte, la docente del establecimiento, Mariana Vega, declar\u00f3 a <strong>AGENFOR<\/strong>, que \u201cestamos super emocionamos\u201d con la inauguraci\u00f3n porque \u201clo esperamos con ansias, hace mucho\u201d.<\/p>\n\n\n\n<p>\u201cSi bien sabemos que por la pandemia no nos podemos juntar, el pueblo ver\u00e1 por las c\u00e1maras y ese d\u00eda ver\u00e1n las caritas de los chicos super felices\u201d, manifest\u00f3.<\/p>\n\n\n\n<p>Tambi\u00e9n, Vega record\u00f3 que el primer edificio fue \u201cuna escuela rancho\u201d, y el segundo, fue edificado con el trabajo de padres y docentes.<\/p>\n\n\n\n<p>\u201cAhora s\u00ed los salones son amplios, podemos mantener la distancia social, podemos llegar a la cantidad de diez ni\u00f1os por horarios de clase. Antes los salones eran muy chiquitos, ten\u00edamos que tener seis por salones y deb\u00edamos cuidar que no se encimen\u201d, se\u00f1al\u00f3.<\/p>\n\n\n\n<p><strong>Vuelta al aula<\/strong><\/p>\n\n\n\n<p>En otro orden, la docente se refiri\u00f3 al regreso de las clases semi presenciales que, desde agosto, est\u00e1 vigente en la localidad de Moj\u00f3n de Fierro y cont\u00f3 que antes se manejaban v\u00eda Whats App, \u201cque es lo que m\u00e1s llega\u201d.<\/p>\n\n\n\n<p>\u201cNos tuvimos que acomodar los maestros a reconvertir los videos explicativos cosa de que los padres puedan verlo por esa red social\u201d, explic\u00f3.<\/p>\n\n\n\n<p>Y agreg\u00f3: \u201cLa vuelta a clase fue fant\u00e1stica porque para los chicos, a diferencia de otros lugares, la escuela es todo, ellos quisieron volver, no faltaron, as\u00ed que nosotros tenemos que controlar para que no vengan todos juntos porque ellos quieren venir\u201d.<\/p>\n\n\n\n<p>En esa l\u00ednea, el director de Educaci\u00f3n Primaria, Juan Meza, aport\u00f3 a <a><strong>AGENFOR<\/strong><\/a>, que la semi presencialidad es \u201cfundamental\u201d porque \u201cel acompa\u00f1amiento del docente es irremplazable\u201d.<\/p>\n\n\n\n<p>\u201c\u00c9l (docente) es quien tiene el arte de ense\u00f1ar y la pedagog\u00eda, si bien tenemos que reconocer que en este periodo de distanciamiento y \u00e9poca de pandemia fue fundamental el acompa\u00f1amiento de la familia que particip\u00f3 activamente para que nuestros ni\u00f1os sigan vinculados al sistema educativo\u201d, resalt\u00f3.<\/p>\n\n\n\n<p>Por \u00faltimo, el responsable del \u00e1rea remarc\u00f3 la importancia del Cuadernillo Formose\u00f1o para las clases virtuales y lo catalog\u00f3 como \u201cun material did\u00e1ctico pensado no s\u00f3lo para docentes, sino tambi\u00e9n para la familia\u201d.<\/p>\n\n\n\n<p>\u201cFue hecho por todos los docentes que conforman el sistema educativo en los diferentes niveles y modalidades y con un lenguaje sencillo, de manera que nuestros padres, nuestros abuelos, inclusive, puedan acompa\u00f1ar el proceso de aprendizaje de la casa\u201d, concluy\u00f3.<\/p>\n","protected":false},"excerpt":{"rendered":"<p>Este jueves por la ma\u00f1ana, equipos de educaci\u00f3n, ceremonial, la delegaci\u00f3n zonal, directivos del establecimiento y cuerpo docente, visit\u00f3 y recorri\u00f3 las instalaciones del edificio ampliado y refaccionado de la Escuela Provincial de Educaci\u00f3n Primaria de Frontera (EPEPF) N\u00b02 \u201cProvincia de Formosa\u201d, de Moj\u00f3n de Fierro, que se inaugurar\u00e1 este viernes 13 de noviembre, a [&hellip;]<\/p>\n","protected":false},"author":11,"featured_media":50172,"comment_status":"closed","ping_status":"closed","sticky":false,"template":"","format":"standard","meta":{"footnotes":""},"categories":[4],"tags":[],"class_list":["post-50171","post","type-post","status-publish","format-standard","has-post-thumbnail","hentry","category-educacion"],"_links":{"self":[{"href":"http:\/\/informeformosa.com.ar\/index.php?rest_route=\/wp\/v2\/posts\/50171","targetHints":{"allow":["GET"]}}],"collection":[{"href":"http:\/\/informeformosa.com.ar\/index.php?rest_route=\/wp\/v2\/posts"}],"about":[{"href":"http:\/\/informeformosa.com.ar\/index.php?rest_route=\/wp\/v2\/types\/post"}],"author":[{"embeddable":true,"href":"http:\/\/informeformosa.com.ar\/index.php?rest_route=\/wp\/v2\/users\/11"}],"replies":[{"embeddable":true,"href":"http:\/\/informeformosa.com.ar\/index.php?rest_route=%2Fwp%2Fv2%2Fcomments&post=50171"}],"version-history":[{"count":1,"href":"http:\/\/informeformosa.com.ar\/index.php?rest_route=\/wp\/v2\/posts\/50171\/revisions"}],"predecessor-version":[{"id":50173,"href":"http:\/\/informeformosa.com.ar\/index.php?rest_route=\/wp\/v2\/posts\/50171\/revisions\/50173"}],"wp:featuredmedia":[{"embeddable":true,"href":"http:\/\/informeformosa.com.ar\/index.php?rest_route=\/wp\/v2\/media\/50172"}],"wp:attachment":[{"href":"http:\/\/informeformosa.com.ar\/index.php?rest_route=%2Fwp%2Fv2%2Fmedia&parent=50171"}],"wp:term":[{"taxonomy":"category","embeddable":true,"href":"http:\/\/informeformosa.com.ar\/index.php?rest_route=%2Fwp%2Fv2%2Fcategories&post=50171"},{"taxonomy":"post_tag","embeddable":true,"href":"http:\/\/informeformosa.com.ar\/index.php?rest_route=%2Fwp%2Fv2%2Ftags&post=50171"}],"curies":[{"name":"wp","href":"https:\/\/api.w.org\/{rel}","templated":true}]}}