{"id":50162,"date":"2020-11-12T18:00:42","date_gmt":"2020-11-12T21:00:42","guid":{"rendered":"http:\/\/informeformosa.com.ar\/?p=50162"},"modified":"2020-11-12T18:00:45","modified_gmt":"2020-11-12T21:00:45","slug":"el-hospital-de-dia-2-de-abril-se-sumo-a-la-conmemoracion-por-el-dia-mundial-de-la-diabetes","status":"publish","type":"post","link":"http:\/\/informeformosa.com.ar\/?p=50162","title":{"rendered":"El Hospital de D\u00eda 2 de Abril se sum\u00f3 a la  conmemoraci\u00f3n por el D\u00eda Mundial de la Diabetes"},"content":{"rendered":"\n<p>En alusi\u00f3n al D\u00eda Mundial de la Diabetes, que se conmemora el 14 de noviembre de cada a\u00f1o, el hospital de D\u00eda 2 de Abril llev\u00f3 adelante una charla, que tuvo por finalidad concientizar a la comunidad sobre la importancia de su prevenci\u00f3n y sensibilizar a los pacientes sobre la necesidad de los cuidados para mantenerla estable y controlada.<\/p>\n\n\n\n<p>La jornada fue organizada por la direcci\u00f3n del efector sanitario y cont\u00f3 con el acompa\u00f1amiento del Programa Provincial de Diabetes. \u201cA trav\u00e9s de esta charla y de otras acciones, estamos intensificando la campa\u00f1a de concientizaci\u00f3n que llevamos adelante todo el a\u00f1o sobre esta enfermedad, que tiene una alta tasa de incidencia y prevalencia a nivel mundial\u201d, refiri\u00f3 la directora del hospital.<\/p>\n\n\n\n<p>La disertaci\u00f3n estuvo a cargo de un equipo interdisciplinario, especialista en diabetes, que tuvo como objetivo principal difundir y educar sobre los cuidados necesarios. Cont\u00f3, asimismo, con una parte pr\u00e1ctica \u201cllamada automonitoreo\u201d para hacer controles de glucemia al azar, \u201ccon el fin de detectar pacientes que puedan presentar niveles altos de glucosa en sangre\u201d, explic\u00f3 la doctora.<\/p>\n\n\n\n<p>En tanto, abarc\u00f3 otra parte fundamental que fue la visibilizaci\u00f3n del pie diab\u00e9tico, teniendo en cuenta que este a\u00f1o \u201cel cuidado de los pies de los pacientes que padecen esta enfermedad, es uno de los puntos principales que propone el D\u00eda Mundial de la Diabetes. Desde aqu\u00ed, apuntamos a detectar cualquier alteraci\u00f3n o lesi\u00f3n que presente el pie de los pacientes, para tratarlo inmediatamente\u201d, asegur\u00f3.<\/p>\n\n\n\n<p>Sobre la diabetes record\u00f3, una vez m\u00e1s, que forma parte de las enfermedades cr\u00f3nicas no transmisibles (ECNT) y, generalmente, est\u00e1 asociada a otras patolog\u00edas como, por ejemplo, la hipertensi\u00f3n arterial.&nbsp;<\/p>\n\n\n\n<p>Sin embargo, aclar\u00f3 que, desde la salud p\u00fablica, se insiste de manera permanente en la prevenci\u00f3n \u201cdifundiendo y educando sobre los h\u00e1bitos saludables que ayudan a prevenirla\u201d. Y, por otro lado, se hace hincapi\u00e9 en la detecci\u00f3n, el diagn\u00f3stico y el tratamiento temprano, \u201cjustamente para evitar las complicaciones que puede acarrear a la salud, entre las que se presenta con mayor frecuencia: insuficiencia renal, nefropat\u00eda diab\u00e9tica, pie diab\u00e9tico, ceguera, alteraciones vasculares y nerviosas\u201d.<\/p>\n\n\n\n<p>Finalmente, coment\u00f3 que, en el hospital cuentan con un equipo multidisciplinario y trabajan en conjunto con el Programa Provincial de Diabetes y la Red de Laboratorios. \u201cLos pacientes diab\u00e9ticos y las personas interesadas, pueden acercarse. El abordaje se realiza de manera integral y es completamente gratuito, incluyendo la entrega de los medicamentos necesarios\u201d.<\/p>\n","protected":false},"excerpt":{"rendered":"<p>En alusi\u00f3n al D\u00eda Mundial de la Diabetes, que se conmemora el 14 de noviembre de cada a\u00f1o, el hospital de D\u00eda 2 de Abril llev\u00f3 adelante una charla, que tuvo por finalidad concientizar a la comunidad sobre la importancia de su prevenci\u00f3n y sensibilizar a los pacientes sobre la necesidad de los cuidados para [&hellip;]<\/p>\n","protected":false},"author":11,"featured_media":50167,"comment_status":"closed","ping_status":"closed","sticky":false,"template":"","format":"standard","meta":{"footnotes":""},"categories":[12],"tags":[],"class_list":["post-50162","post","type-post","status-publish","format-standard","has-post-thumbnail","hentry","category-salud"],"_links":{"self":[{"href":"http:\/\/informeformosa.com.ar\/index.php?rest_route=\/wp\/v2\/posts\/50162","targetHints":{"allow":["GET"]}}],"collection":[{"href":"http:\/\/informeformosa.com.ar\/index.php?rest_route=\/wp\/v2\/posts"}],"about":[{"href":"http:\/\/informeformosa.com.ar\/index.php?rest_route=\/wp\/v2\/types\/post"}],"author":[{"embeddable":true,"href":"http:\/\/informeformosa.com.ar\/index.php?rest_route=\/wp\/v2\/users\/11"}],"replies":[{"embeddable":true,"href":"http:\/\/informeformosa.com.ar\/index.php?rest_route=%2Fwp%2Fv2%2Fcomments&post=50162"}],"version-history":[{"count":1,"href":"http:\/\/informeformosa.com.ar\/index.php?rest_route=\/wp\/v2\/posts\/50162\/revisions"}],"predecessor-version":[{"id":50168,"href":"http:\/\/informeformosa.com.ar\/index.php?rest_route=\/wp\/v2\/posts\/50162\/revisions\/50168"}],"wp:featuredmedia":[{"embeddable":true,"href":"http:\/\/informeformosa.com.ar\/index.php?rest_route=\/wp\/v2\/media\/50167"}],"wp:attachment":[{"href":"http:\/\/informeformosa.com.ar\/index.php?rest_route=%2Fwp%2Fv2%2Fmedia&parent=50162"}],"wp:term":[{"taxonomy":"category","embeddable":true,"href":"http:\/\/informeformosa.com.ar\/index.php?rest_route=%2Fwp%2Fv2%2Fcategories&post=50162"},{"taxonomy":"post_tag","embeddable":true,"href":"http:\/\/informeformosa.com.ar\/index.php?rest_route=%2Fwp%2Fv2%2Ftags&post=50162"}],"curies":[{"name":"wp","href":"https:\/\/api.w.org\/{rel}","templated":true}]}}