{"id":50159,"date":"2020-11-12T18:01:26","date_gmt":"2020-11-12T21:01:26","guid":{"rendered":"http:\/\/informeformosa.com.ar\/?p=50159"},"modified":"2020-11-12T18:01:29","modified_gmt":"2020-11-12T21:01:29","slug":"el-consejo-lamento-que-la-oposicion-anteponga-intereses-electorales-por-sobre-el-cuidado-de-la-vida","status":"publish","type":"post","link":"http:\/\/informeformosa.com.ar\/?p=50159","title":{"rendered":"El Consejo lament\u00f3 que la oposici\u00f3n anteponga  intereses electorales por sobre el cuidado de la vida"},"content":{"rendered":"\n<p>El Consejo de Atenci\u00f3n Integral de la Emergencia COVID-19inform\u00f3 en su parte informativo N\u00b0 248 que en las \u00faltimas 24 horas se realizaron 296 test de vigilancia y b\u00fasqueda activa de casos, arrojando dos de ellos resultados positivos a coronavirus.<\/p>\n\n\n\n<p>En este contexto, se detall\u00f3 que los casos positivos de este jueves corresponden a dos estudiantes, una de 29 a\u00f1os proveniente de la provincia de Corrientes y la otra, de 19 a\u00f1os proveniente de la Provincia de C\u00f3rdoba. Ambas ingresaron en el marco del programa de ingreso ordenado y administrado de la Provincia y con test negativos previos; sin embargo, ambos hisopados de control realizados al ingreso arrojaron resultados positivos a coronavirus y fueron derivadas al Hospital Interdistrital de la Contingencia COVID-19.<\/p>\n\n\n\n<p>Asimismo, dos pacientes varones de 27 y 29 a\u00f1os obtuvieron el alta m\u00e9dica habiendo cumplido el periodo cl\u00ednico de la infecci\u00f3n y tras dos resultados negativos consecutivos a coronavirus.<\/p>\n\n\n\n<p>A este jueves 12 de noviembre, los datos acumulados en Formosa son los siguientes: total de casos positivos diagnosticados, 193; total de pacientes recuperados, 149; casos activos, 24; fallecimientos por coronavirus, 1; casos en tr\u00e1nsito con egreso de la provincia, 19. Cantidad de test realizados 22.151 con el 0,87% de positividad.<\/p>\n\n\n\n<p>Con relaci\u00f3n al bloqueo sanitario vigente en la ciudad de Clorinda, el Consejo COVID precis\u00f3 que 46 personas permanecen en cuarentena, los diagnosticados son 49 y los activos, 12.<\/p>\n\n\n\n<p>Tarea preventiva<\/p>\n\n\n\n<p>de la Polic\u00eda<\/p>\n\n\n\n<p>En lo que respecta a la tarea preventiva que realiza la Polic\u00eda de Formosa en todo el territorio, se inform\u00f3 que en las \u00faltimas 24 horas ingresaron 683 camiones de carga, se controlaron en la v\u00eda p\u00fablica a 9.133 personas y a 6.630 veh\u00edculos. Se labraron 177 infracciones a veh\u00edculos por restricci\u00f3n de circulaci\u00f3n y patente; y a 544 personas por restricci\u00f3n de circulaci\u00f3n y no uso de barbijo.<\/p>\n\n\n\n<p>Adem\u00e1s, se judicializaron diez ingresos irregulares, m\u00e1s nueve contactos en estudio y se intervino en tres fiestas privadas.<\/p>\n\n\n\n<p>Ley<\/p>\n\n\n\n<p>Por otra parte, desde el Consejo COVID se record\u00f3 que este mi\u00e9rcoles la Legislatura de Formosa reconoci\u00f3 con rango de ley a la estrategia sanitaria implementada a trav\u00e9s de decretos del gobernador Gildo Insfr\u00e1n y de resoluciones del mismo Consejo de Atenci\u00f3n Integral de la Emergencia COVID-19.<\/p>\n\n\n\n<p>En este sentido, se indic\u00f3 que dicha decisi\u00f3n del Poder Legislativo provincial fortalece a la estrategia y a las pol\u00edticas p\u00fablicas sanitarias de Formosa, las cuales \u201cnos han permitido tener hasta el momento la menor cantidad de casos confirmados de coronavirus en el pa\u00eds, as\u00ed como la menor cantidad de casos activos y de fallecimientos\u201d.<\/p>\n\n\n\n<p>Por lo que \u201cestas cifras ratifican que hemos implementado una correcta y adecuada estrategia sanitaria posible frente al peligro letal que demuestra tener el coronavirus, logrando prevenir miles de contagios y salvando cientos de vidas. Agradecemos al pueblo formose\u00f1o por su conciencia, responsabilidad y acompa\u00f1amiento en la implementaci\u00f3n de estas medidas que nos protegen a todos\u201d.<\/p>\n\n\n\n<p>\u201cEn una pandemia el bien com\u00fan primordial a defender es la vida y la salud de todos los habitantes. Alcanzar esa premisa requiere trabajar unidos, todos juntos, sin distinciones de ninguna naturaleza; por ello, lamentamos que la ley sancionada anoche por nuestra Legislatura no haya contado con el acompa\u00f1amiento de la totalidad de los diputados, pues ello demuestra que a\u00fan hay quienes anteponen sus intereses particulares o electorales por sobre el cuidado de la salud y la vida de la poblaci\u00f3n, y en particular, por sobre todos aquellos que podemos ser personas de riesgo ante un virus letal\u201d, subray\u00f3.<\/p>\n\n\n\n<p>Sobre el final, el Consejo&nbsp; valor\u00f3el esfuerzo que \u201ctodos estamos haciendo para sostener el estatus sanitario que hemos logrado juntos en nuestra provincia\u201d y exhort\u00f3 a cuidarlo, \u201cal hacerlo no solo nos cuidamos a nosotros mismos, sino tambi\u00e9n a aquellos a quienes amamos\u201d.<\/p>\n","protected":false},"excerpt":{"rendered":"<p>El Consejo de Atenci\u00f3n Integral de la Emergencia COVID-19inform\u00f3 en su parte informativo N\u00b0 248 que en las \u00faltimas 24 horas se realizaron 296 test de vigilancia y b\u00fasqueda activa de casos, arrojando dos de ellos resultados positivos a coronavirus. En este contexto, se detall\u00f3 que los casos positivos de este jueves corresponden a dos [&hellip;]<\/p>\n","protected":false},"author":11,"featured_media":50163,"comment_status":"closed","ping_status":"closed","sticky":false,"template":"","format":"standard","meta":{"footnotes":""},"categories":[12],"tags":[],"class_list":["post-50159","post","type-post","status-publish","format-standard","has-post-thumbnail","hentry","category-salud"],"_links":{"self":[{"href":"http:\/\/informeformosa.com.ar\/index.php?rest_route=\/wp\/v2\/posts\/50159","targetHints":{"allow":["GET"]}}],"collection":[{"href":"http:\/\/informeformosa.com.ar\/index.php?rest_route=\/wp\/v2\/posts"}],"about":[{"href":"http:\/\/informeformosa.com.ar\/index.php?rest_route=\/wp\/v2\/types\/post"}],"author":[{"embeddable":true,"href":"http:\/\/informeformosa.com.ar\/index.php?rest_route=\/wp\/v2\/users\/11"}],"replies":[{"embeddable":true,"href":"http:\/\/informeformosa.com.ar\/index.php?rest_route=%2Fwp%2Fv2%2Fcomments&post=50159"}],"version-history":[{"count":1,"href":"http:\/\/informeformosa.com.ar\/index.php?rest_route=\/wp\/v2\/posts\/50159\/revisions"}],"predecessor-version":[{"id":50170,"href":"http:\/\/informeformosa.com.ar\/index.php?rest_route=\/wp\/v2\/posts\/50159\/revisions\/50170"}],"wp:featuredmedia":[{"embeddable":true,"href":"http:\/\/informeformosa.com.ar\/index.php?rest_route=\/wp\/v2\/media\/50163"}],"wp:attachment":[{"href":"http:\/\/informeformosa.com.ar\/index.php?rest_route=%2Fwp%2Fv2%2Fmedia&parent=50159"}],"wp:term":[{"taxonomy":"category","embeddable":true,"href":"http:\/\/informeformosa.com.ar\/index.php?rest_route=%2Fwp%2Fv2%2Fcategories&post=50159"},{"taxonomy":"post_tag","embeddable":true,"href":"http:\/\/informeformosa.com.ar\/index.php?rest_route=%2Fwp%2Fv2%2Ftags&post=50159"}],"curies":[{"name":"wp","href":"https:\/\/api.w.org\/{rel}","templated":true}]}}