{"id":49695,"date":"2020-09-28T20:37:30","date_gmt":"2020-09-28T23:37:30","guid":{"rendered":"http:\/\/informeformosa.com.ar\/?p=49695"},"modified":"2020-09-28T20:37:33","modified_gmt":"2020-09-28T23:37:33","slug":"hasta-el-2-de-octubre-esta-abierta-la-inscripcion-para-el-atp-6","status":"publish","type":"post","link":"http:\/\/informeformosa.com.ar\/?p=49695","title":{"rendered":"Hasta el 2 de octubre est\u00e1 abierta la inscripci\u00f3n para el ATP 6"},"content":{"rendered":"\n<p>En el marco de una nueva conferencia de prensa del Consejo de Atenci\u00f3n Integral de la Emergencia COVID-19, el ministro de Econom\u00eda, Hacienda y Finanzas, Jorge Oscar Ib\u00e1\u00f1ez, inform\u00f3 que desde este lunes y hasta el 2 de octubre est\u00e1 abierta la inscripci\u00f3n para solicitar la Asistencia al Trabajo y la Producci\u00f3n (ATP) en su sexto mes.<\/p>\n\n\n\n<p>En la p\u00e1gina de AFIP (<a href=\"http:\/\/www.afip.gob.ar\/\" target=\"_blank\" rel=\"noreferrer noopener\">www.afip.gob.ar<\/a>) deben registrarse todos los empleadores que requieran asistencia estatal para el pago de los salarios de septiembre. Adem\u00e1s, pueden obtener un cr\u00e9dito a tasa subsidiada para completar el salario del trabajador y, con determinados requisitos, dicho cr\u00e9dito puede transformarse en un subsidio.<\/p>\n\n\n\n<p>Respecto al ATP 5, correspondiente al mes de agosto, el funcionario expuso que alcanz\u00f3 a m\u00e1s de 165 mil empresas y m\u00e1s de 1.760.000 trabajadores del sector privado. La inversi\u00f3n desde el inicio del programa, fue de 194.000 millones.<\/p>\n\n\n\n<p><strong>Cr\u00e9ditos para PyMEs<\/strong><\/p>\n\n\n\n<p>En otro orden, el ministro Ib\u00e1\u00f1ez comunic\u00f3 que el secretario PYME de la Naci\u00f3n, Guillermo Merediz, anunci\u00f3 la habilitaci\u00f3n de cr\u00e9ditos para peque\u00f1as y medianas empresas que correspondan a los sectores de turismo, empresas exportadoras, textiles, de construcci\u00f3n, entre otros.<\/p>\n\n\n\n<p>\u201cEsto ya hab\u00eda sido comentado a Formosa en un Zoom de hace 15 d\u00edas aproximadamente entre el ministro Kulfas y el gobernador Gildo Insfr\u00e1n\u201d, record\u00f3 el titular de la cartera econ\u00f3mica provincial.<\/p>\n\n\n\n<p>Se trata de tres nuevas l\u00edneas de cr\u00e9dito en base a un acuerdo con el Banco Interamericano de Desarrollo (BID). El financiamiento ser\u00e1 por 248 mil millones de pesos, para cubrir a 86.700 empresas.<\/p>\n\n\n\n<p>\u201cFormosa realiz\u00f3 las gestiones, es decir el Gobernador firm\u00f3 todas las documentaciones para la obtenci\u00f3n de los 200 millones de pesos en cr\u00e9ditos para Pymes locales a tasa subsidiada\u201d, confirm\u00f3 el ministro.<\/p>\n\n\n\n<p>Y concluy\u00f3: \u201cEste cr\u00e9dito tiene un subsidio del Estado Nacional, del BID y del Banco de Formosa de la provincia. Creemos que pronto van a estar operativos\u201d.<\/p>\n","protected":false},"excerpt":{"rendered":"<p>En el marco de una nueva conferencia de prensa del Consejo de Atenci\u00f3n Integral de la Emergencia COVID-19, el ministro de Econom\u00eda, Hacienda y Finanzas, Jorge Oscar Ib\u00e1\u00f1ez, inform\u00f3 que desde este lunes y hasta el 2 de octubre est\u00e1 abierta la inscripci\u00f3n para solicitar la Asistencia al Trabajo y la Producci\u00f3n (ATP) en su [&hellip;]<\/p>\n","protected":false},"author":11,"featured_media":49696,"comment_status":"closed","ping_status":"closed","sticky":false,"template":"","format":"standard","meta":{"footnotes":""},"categories":[21],"tags":[],"class_list":["post-49695","post","type-post","status-publish","format-standard","has-post-thumbnail","hentry","category-provinciales"],"_links":{"self":[{"href":"http:\/\/informeformosa.com.ar\/index.php?rest_route=\/wp\/v2\/posts\/49695","targetHints":{"allow":["GET"]}}],"collection":[{"href":"http:\/\/informeformosa.com.ar\/index.php?rest_route=\/wp\/v2\/posts"}],"about":[{"href":"http:\/\/informeformosa.com.ar\/index.php?rest_route=\/wp\/v2\/types\/post"}],"author":[{"embeddable":true,"href":"http:\/\/informeformosa.com.ar\/index.php?rest_route=\/wp\/v2\/users\/11"}],"replies":[{"embeddable":true,"href":"http:\/\/informeformosa.com.ar\/index.php?rest_route=%2Fwp%2Fv2%2Fcomments&post=49695"}],"version-history":[{"count":1,"href":"http:\/\/informeformosa.com.ar\/index.php?rest_route=\/wp\/v2\/posts\/49695\/revisions"}],"predecessor-version":[{"id":49697,"href":"http:\/\/informeformosa.com.ar\/index.php?rest_route=\/wp\/v2\/posts\/49695\/revisions\/49697"}],"wp:featuredmedia":[{"embeddable":true,"href":"http:\/\/informeformosa.com.ar\/index.php?rest_route=\/wp\/v2\/media\/49696"}],"wp:attachment":[{"href":"http:\/\/informeformosa.com.ar\/index.php?rest_route=%2Fwp%2Fv2%2Fmedia&parent=49695"}],"wp:term":[{"taxonomy":"category","embeddable":true,"href":"http:\/\/informeformosa.com.ar\/index.php?rest_route=%2Fwp%2Fv2%2Fcategories&post=49695"},{"taxonomy":"post_tag","embeddable":true,"href":"http:\/\/informeformosa.com.ar\/index.php?rest_route=%2Fwp%2Fv2%2Ftags&post=49695"}],"curies":[{"name":"wp","href":"https:\/\/api.w.org\/{rel}","templated":true}]}}