{"id":49608,"date":"2020-09-22T23:56:44","date_gmt":"2020-09-23T02:56:44","guid":{"rendered":"http:\/\/informeformosa.com.ar\/?p=49608"},"modified":"2020-09-22T23:56:48","modified_gmt":"2020-09-23T02:56:48","slug":"con-un-festejo-distinto-pozo-del-tigre-celebro-su-115o-aniversario","status":"publish","type":"post","link":"http:\/\/informeformosa.com.ar\/?p=49608","title":{"rendered":"Con un festejo distinto, Pozo del Tigre celebr\u00f3 su 115\u00ba aniversario"},"content":{"rendered":"\n<p>Un 22 de septiembre del a\u00f1o 1905 se fund\u00f3 Pozo del Tigre, localidad del departamento Pati\u00f1o, ubicada al sudeste del territorio provincial y que se encuentra aproximadamente a 260 km. de la ciudad de Formosa.<\/p>\n\n\n\n<p>En la ma\u00f1ana de este martes, las autoridades municipales, del Concejo Deliberante, autoridades educativas y policiales del lugar, as\u00ed como referentes religiosos se congregaron en la plaza para conmemorar un nuevo aniversario fundacional.<\/p>\n\n\n\n<p>Todos los asistentes respetaron la distancia social y el uso del barbijo, medidas sanitarias vigentes por la pandemia de coronavirus.<\/p>\n\n\n\n<p>Durante el acto, el intendente Alfredo Andr\u00e9s De Young junto al presidente del Concejo Deliberante depositaron una ofrenda floral con motivo del aniversario; adem\u00e1s se realizaron tributos a los antepasados as\u00ed como tambi\u00e9n homenajes a los antiguos pobladores, quienes forjaron con esfuerzo y trabajo los cimientos del pueblo.<\/p>\n\n\n\n<p>A su vez las docentes, Nilda Mabel Portillo, del nivel primario y Silvia Noem\u00ed Palavecino, del nivel inicial, fueron reconocidas por los 25 a\u00f1os de trayectoria y dedicaci\u00f3n a la comunidad.<\/p>\n\n\n\n<p><strong>Palabras del Intendente<\/strong><\/p>\n\n\n\n<p>Al momento de dar su discurso a los pozotigrenses, Alfredo Andr\u00e9s De Young, describi\u00f3 a la jornada como \u201cun d\u00eda muy especial, donde debemos agradecer a Dios por permitirnos cumplir un a\u00f1o m\u00e1s\u201d.<\/p>\n\n\n\n<p>Admiti\u00f3 que se trata de un aniversario diferente por la dif\u00edcil situaci\u00f3n que se vive como consecuencia de la pandemia y aprovech\u00f3 la oportunidad para reconocer especialmente \u201ca todo el personal de salud, de seguridad y municipal, que d\u00eda a d\u00eda est\u00e1n trabajando para el bienestar de todos\u201d.<\/p>\n\n\n\n<p>Asimismo, De Young le envi\u00f3 \u201cun agradecimiento enorme al gobernador Gildo Insfr\u00e1n por hacer posible que hoy los formose\u00f1os podamos salir adelante\u201d, al subrayar que \u201cen Formosa estamos en una situaci\u00f3n distinta\u201d a la que se vive en la regi\u00f3n, en el pa\u00eds y en el mundo.<\/p>\n\n\n\n<p>Aqu\u00ed, marc\u00f3 que \u201ceso tiene un trasfondo, y es que justamente el Gobernador se adelant\u00f3 y tom\u00f3 medidas oportunas como el ingreso administrado a la provincia, muchas veces criticado, pero sin embargo gracias eso, hoy los formose\u00f1os podemos salir a las calles con tranquilidad\u201d.&nbsp;<\/p>\n\n\n\n<p>Tambi\u00e9n representantes religiosos se refirieron al acontecimiento hist\u00f3rico, transmitiendo la palabra de Dios a la comunidad, e hicieron notar la realidad de la pandemia.<\/p>\n\n\n\n<p>En el final y como cierre de un aniversario muy particular, hubo una suelta simb\u00f3lica de globos.<\/p>\n\n\n\n<p><a><strong>La historia<\/strong><\/a><\/p>\n\n\n\n<p>El historiador Julio Ort\u00edz en su libro de Efem\u00e9rides, refiere: \u201cEl 22 de septiembre de 1905 se considera la jornada fundacional de Pozo del Tigre. Esta localidad del centro del territorio adquiri\u00f3 su mayor desarrollo en la d\u00e9cada de 1930-1940 debido a la importancia de la comercializaci\u00f3n del ganado bovino. Hoy, en su patrimonio arquitect\u00f3nico, apreciamos la prosperidad alcanzada en aquella \u00e9poca, incomparable con cualquier ciudad del interior provincial. En este centro urbano se ubic\u00f3 la segunda intendencia (despu\u00e9s de la de Formosa) que cre\u00f3 el Poder Ejecutivo Nacional en el entonces Territorio Nacional de Formosa, lo que nos ofrece una idea de la importancia que tuvo esta localidad\u201d.<\/p>\n","protected":false},"excerpt":{"rendered":"<p>Un 22 de septiembre del a\u00f1o 1905 se fund\u00f3 Pozo del Tigre, localidad del departamento Pati\u00f1o, ubicada al sudeste del territorio provincial y que se encuentra aproximadamente a 260 km. de la ciudad de Formosa. En la ma\u00f1ana de este martes, las autoridades municipales, del Concejo Deliberante, autoridades educativas y policiales del lugar, as\u00ed como [&hellip;]<\/p>\n","protected":false},"author":11,"featured_media":49616,"comment_status":"closed","ping_status":"closed","sticky":false,"template":"","format":"standard","meta":{"footnotes":""},"categories":[11],"tags":[],"class_list":["post-49608","post","type-post","status-publish","format-standard","has-post-thumbnail","hentry","category-interior"],"_links":{"self":[{"href":"http:\/\/informeformosa.com.ar\/index.php?rest_route=\/wp\/v2\/posts\/49608","targetHints":{"allow":["GET"]}}],"collection":[{"href":"http:\/\/informeformosa.com.ar\/index.php?rest_route=\/wp\/v2\/posts"}],"about":[{"href":"http:\/\/informeformosa.com.ar\/index.php?rest_route=\/wp\/v2\/types\/post"}],"author":[{"embeddable":true,"href":"http:\/\/informeformosa.com.ar\/index.php?rest_route=\/wp\/v2\/users\/11"}],"replies":[{"embeddable":true,"href":"http:\/\/informeformosa.com.ar\/index.php?rest_route=%2Fwp%2Fv2%2Fcomments&post=49608"}],"version-history":[{"count":1,"href":"http:\/\/informeformosa.com.ar\/index.php?rest_route=\/wp\/v2\/posts\/49608\/revisions"}],"predecessor-version":[{"id":49617,"href":"http:\/\/informeformosa.com.ar\/index.php?rest_route=\/wp\/v2\/posts\/49608\/revisions\/49617"}],"wp:featuredmedia":[{"embeddable":true,"href":"http:\/\/informeformosa.com.ar\/index.php?rest_route=\/wp\/v2\/media\/49616"}],"wp:attachment":[{"href":"http:\/\/informeformosa.com.ar\/index.php?rest_route=%2Fwp%2Fv2%2Fmedia&parent=49608"}],"wp:term":[{"taxonomy":"category","embeddable":true,"href":"http:\/\/informeformosa.com.ar\/index.php?rest_route=%2Fwp%2Fv2%2Fcategories&post=49608"},{"taxonomy":"post_tag","embeddable":true,"href":"http:\/\/informeformosa.com.ar\/index.php?rest_route=%2Fwp%2Fv2%2Ftags&post=49608"}],"curies":[{"name":"wp","href":"https:\/\/api.w.org\/{rel}","templated":true}]}}