{"id":49585,"date":"2020-09-21T18:10:04","date_gmt":"2020-09-21T21:10:04","guid":{"rendered":"http:\/\/informeformosa.com.ar\/?p=49585"},"modified":"2020-09-22T06:15:59","modified_gmt":"2020-09-22T09:15:59","slug":"subsidios-s-u-m-ar-para-servicios-de-comunicacion-audiovisual-privados","status":"publish","type":"post","link":"http:\/\/informeformosa.com.ar\/?p=49585","title":{"rendered":"Subsidios S.U.M.AR, para servicios de comunicaci\u00f3n audiovisual privados"},"content":{"rendered":"\n<p>La Secretar\u00eda de Medios y Comunicaci\u00f3n P\u00fablica de la Naci\u00f3n abri\u00f3 un registro para que los servicios de comunicaci\u00f3n audiovisual de gesti\u00f3n privada sin fines de lucro puedan acceder al subsidio S.U.M.AR.<\/p>\n\n\n\n<p>Este lunes, el subsecretario de Comunicaci\u00f3n de la Provincia, Sergio Recalde, y el organizador Juan Ignacio Aquino, mantuvieron una reuni\u00f3n v\u00eda Zoom a los efectos de difundir este subsidio que s\u00f3lo podr\u00e1 destinarse a gastos de inversi\u00f3n y\/o a gastos operativos distintos de sueldos, honorarios, vi\u00e1ticos, impuestos, tasas, contribuciones y\/o conceptos equivalentes.<\/p>\n\n\n\n<p>Al t\u00e9rmino del encuentro virtual, Sergio Recalde inform\u00f3 que para acceder al Subsidio \u00danico de Emergencia a servicios de comunicaci\u00f3n audiovisual de gesti\u00f3n privada sin fines de lucro de la Rep\u00fablica Argentina (SUMAR) se debe completar un formulario de inscripci\u00f3n, alojado en el sitio web tr\u00e1mites a distancia (TAD).<\/p>\n\n\n\n<p>Los resultados ser\u00e1n difundidos, al finalizar el plazo de inscripci\u00f3n, en el sitio web institucional de la Secretar\u00eda de Medios y Comunicaci\u00f3n P\u00fablica.<\/p>\n\n\n\n<p>Los interesados pueden inscribirse en https:\/\/www.argentina.gob.ar\/jefatura\/mediosycomunicacion\/sumar<\/p>\n\n\n\n<p>En cuanto a la evaluaci\u00f3n y selecci\u00f3n, los criterios de ponderaci\u00f3n para la efectiva asignaci\u00f3n son: trayectoria y reconocimiento del medio; an\u00e1lisis de la labor y actividades realizadas por la organizaci\u00f3n en a\u00f1os anteriores; cantidad de sujetos involucrados o participes del medio; el aporte social y cultural que representa el medio en la poblaci\u00f3n donde se desempe\u00f1a y su localizaci\u00f3n en peque\u00f1as localidades y en poblaciones de alta vulnerabilidad social.<\/p>\n\n\n\n<p>En cuanto a los datos y documentaci\u00f3n requeridos, para inscribirse se deber\u00e1 acompa\u00f1ar conjuntamente al formulario de inscripci\u00f3n y Declaraci\u00f3n Jurada (DDJJ), la documentaci\u00f3n digital relativa a: acta constitutiva\/estatuto de la entidad; acreditaci\u00f3n de identidad del representante legal; resoluci\u00f3n de otorgamiento de la personer\u00eda jur\u00eddica; \u00faltima acta de designaci\u00f3n de autoridades, extra\u00edda del libro de actas; datos completos de la cuenta bancaria de la entidad; informaci\u00f3n sobre la trayectoria y su labor como medio de comunicaci\u00f3n; informaci\u00f3n sobre la utilizaci\u00f3n del monto del subsidio a otorgarse.<\/p>\n\n\n\n<p>La gu\u00eda de documentos, as\u00ed como las preguntas espec\u00edficas que orientar\u00e1n a los postulantes para completar esta informaci\u00f3n, se encuentra disponible en el sitio web tramites a distancia (TAD).<\/p>\n\n\n\n<p>Percibido el Subsidio los beneficiados tendr\u00e1n un plazo m\u00e1ximo de 30 d\u00edas h\u00e1biles para rendir cuenta documentada del destino asignado. A esos fines, deber\u00e1n remitir las facturas correspondientes conjuntamente a la planilla de rendici\u00f3n financiera alojada en el sitio web tramites a distancia (TAD).<\/p>\n","protected":false},"excerpt":{"rendered":"<p>La Secretar\u00eda de Medios y Comunicaci\u00f3n P\u00fablica de la Naci\u00f3n abri\u00f3 un registro para que los servicios de comunicaci\u00f3n audiovisual de gesti\u00f3n privada sin fines de lucro puedan acceder al subsidio S.U.M.AR. Este lunes, el subsecretario de Comunicaci\u00f3n de la Provincia, Sergio Recalde, y el organizador Juan Ignacio Aquino, mantuvieron una reuni\u00f3n v\u00eda Zoom a [&hellip;]<\/p>\n","protected":false},"author":11,"featured_media":49594,"comment_status":"closed","ping_status":"closed","sticky":false,"template":"","format":"standard","meta":{"footnotes":""},"categories":[21],"tags":[],"class_list":["post-49585","post","type-post","status-publish","format-standard","has-post-thumbnail","hentry","category-provinciales"],"_links":{"self":[{"href":"http:\/\/informeformosa.com.ar\/index.php?rest_route=\/wp\/v2\/posts\/49585","targetHints":{"allow":["GET"]}}],"collection":[{"href":"http:\/\/informeformosa.com.ar\/index.php?rest_route=\/wp\/v2\/posts"}],"about":[{"href":"http:\/\/informeformosa.com.ar\/index.php?rest_route=\/wp\/v2\/types\/post"}],"author":[{"embeddable":true,"href":"http:\/\/informeformosa.com.ar\/index.php?rest_route=\/wp\/v2\/users\/11"}],"replies":[{"embeddable":true,"href":"http:\/\/informeformosa.com.ar\/index.php?rest_route=%2Fwp%2Fv2%2Fcomments&post=49585"}],"version-history":[{"count":1,"href":"http:\/\/informeformosa.com.ar\/index.php?rest_route=\/wp\/v2\/posts\/49585\/revisions"}],"predecessor-version":[{"id":49595,"href":"http:\/\/informeformosa.com.ar\/index.php?rest_route=\/wp\/v2\/posts\/49585\/revisions\/49595"}],"wp:featuredmedia":[{"embeddable":true,"href":"http:\/\/informeformosa.com.ar\/index.php?rest_route=\/wp\/v2\/media\/49594"}],"wp:attachment":[{"href":"http:\/\/informeformosa.com.ar\/index.php?rest_route=%2Fwp%2Fv2%2Fmedia&parent=49585"}],"wp:term":[{"taxonomy":"category","embeddable":true,"href":"http:\/\/informeformosa.com.ar\/index.php?rest_route=%2Fwp%2Fv2%2Fcategories&post=49585"},{"taxonomy":"post_tag","embeddable":true,"href":"http:\/\/informeformosa.com.ar\/index.php?rest_route=%2Fwp%2Fv2%2Ftags&post=49585"}],"curies":[{"name":"wp","href":"https:\/\/api.w.org\/{rel}","templated":true}]}}