{"id":49572,"date":"2020-09-21T18:01:27","date_gmt":"2020-09-21T21:01:27","guid":{"rendered":"http:\/\/informeformosa.com.ar\/?p=49572"},"modified":"2020-09-22T06:02:01","modified_gmt":"2020-09-22T09:02:01","slug":"formosa-tendra-su-listado-de-precios-cuidados-para-la-construccion","status":"publish","type":"post","link":"http:\/\/informeformosa.com.ar\/?p=49572","title":{"rendered":"Formosa tendr\u00e1 su listado de Precios Cuidados para la Construcci\u00f3n"},"content":{"rendered":"\n<p><em>Contemplando el acuerdo nacional, el gobierno provincial dialogar\u00e1 con los empresarios locales para delimitar los productos que formar\u00e1n parte de dicho programa.<\/em><\/p>\n\n\n\n<p><em>En el marco de una nueva conferencia de prensa del Consejo de Atenci\u00f3n Integral de la Emergencia COVID 19, el responsable de la Subsecretar\u00eda de Defensa al Consumidor y Usuario, Edgar P\u00e9rez, anunci\u00f3 que la provincia tendr\u00e1 su propio listado de precios cuidados para la construcci\u00f3n, que contemplar\u00e1 a empresarios locales, en el marco del acuerdo nacional.<\/em><\/p>\n\n\n\n<p>\u201cLa decisi\u00f3n de nuestro gobernador de trabajar en conjunto en las diferentes \u00e1reas,acompa\u00f1ando a las pol\u00edticas federales que se instrumentaron a partir del 10 de diciembre en Argentina; el cuidado de la econom\u00eda diaria; el sostenimiento de la fuente laboral; el garantizar el acceso a los bienes b\u00e1sicos de consumo, son ejes centrales del trabajo en el que el gobierno nacional encar\u00f3 su gesti\u00f3n, y desde Formosa lasherramientas que tenemos como gobierno tambi\u00e9n est\u00e1n orientadas en esa l\u00ednea\u201d, sostuvo el funcionario.<\/p>\n\n\n\n<p>En ese sentido, expres\u00f3 que \u201cfuimos testigos\u201d de una decisi\u00f3n relevante que busca el cumplimiento de esos objetivos mencionados en el rubro de la construcci\u00f3n que, junto con el de la comercializaci\u00f3n de alimentos, fue uno de los sectores que m\u00e1s creci\u00f3 en este \u00faltimo tiempo, pero que provoc\u00f3 algunos desajustes en la l\u00ednea de precios.<\/p>\n\n\n\n<p>\u201cEl anuncio del Presidente fue claro respecto a la puesta en marcha del programa nacional de Precios Cuidados para la construcci\u00f3n, que tambi\u00e9n involucra este rubro en el sentarse a dialogar y definir precios de referencia que permitan a los argentinos a acceder a precios razonables, y a los organismos del Estado de poder controlar que esto se cumpla en cada territorio\u201d, manifest\u00f3.<\/p>\n\n\n\n<p>En ese contexto, coment\u00f3 P\u00e9rez, que el viernes pasado mantuvieron una reuni\u00f3n v\u00eda teleconferencia con la Secretaria de Comercio Interior, Paula Espa\u00f1ol, donde ahondaron detalles respecto al programa que involucra a empresas importantes de comercializaci\u00f3n radicadas en las grandes provincias y que define a 92 art\u00edculos de la construcci\u00f3n alcanzados por los precios cuidados y de referencia, y a 17 rubros de la construcci\u00f3n.<\/p>\n\n\n\n<p>\u201cPero el planteo venia sobre situaciones que podemos tener nosotros ac\u00e1 en Formosa si estas grandes marcas o empresas con las cuales inicialmente se acord\u00f3 con el gobierno nacional no est\u00e1n en esas provincias, entonces la decisi\u00f3n clara de nuestro gobernador es trabajar con el empresariado local, tomando como referencia el acuerdo nacional, con el acompa\u00f1amiento de la Secretar\u00eda de Comercio Interior y definir un listado con los productos que ya han referenciado precios desde el gobierno nacional\u201d, anunci\u00f3.<\/p>\n\n\n\n<p>Participar\u00e1n las c\u00e1maras locales, la Federaci\u00f3n Econ\u00f3mica y empresarios locales que, \u201cmuchos manifestaron su voluntad de colaborar y de acordar precios de referencia del rubro\u201d, para que tambi\u00e9n \u201cel formose\u00f1o que en este tiempo recuper\u00f3 la posibilidad de hacer un arreglo en su casa, retomar una obra o pensar en la reactivaci\u00f3n del plan tan importante que es el PROCREAR y que nuestro gobierno provincial tuvo claras decisiones para garantizar el acceso a un lote y poder materializar esto que, a trav\u00e9s de un cr\u00e9dito, permite tener una vivienda a muchas familias\u201d.<\/p>\n\n\n\n<p>Por \u00faltimo, el responsable de la cartera, indic\u00f3 que esta pol\u00edtica nacional se instrumentar\u00e1 en Formosa, como la modalidad impone, a trav\u00e9s de un acuerdo; y que los precios de referencia acordados ser\u00e1n publicados y estar\u00e1n vigentes en toda la provincia.<\/p>\n\n\n\n<p>\u201cEsta semana trabajaremos con el empresariado local que, atrav\u00e9s de sus c\u00e1maras, mostraron voluntad a acceder a esta forma de trabajo\u201d, concluy\u00f3.<\/p>\n","protected":false},"excerpt":{"rendered":"<p>Contemplando el acuerdo nacional, el gobierno provincial dialogar\u00e1 con los empresarios locales para delimitar los productos que formar\u00e1n parte de dicho programa. En el marco de una nueva conferencia de prensa del Consejo de Atenci\u00f3n Integral de la Emergencia COVID 19, el responsable de la Subsecretar\u00eda de Defensa al Consumidor y Usuario, Edgar P\u00e9rez, anunci\u00f3 [&hellip;]<\/p>\n","protected":false},"author":11,"featured_media":49587,"comment_status":"closed","ping_status":"closed","sticky":false,"template":"","format":"standard","meta":{"footnotes":""},"categories":[2],"tags":[],"class_list":["post-49572","post","type-post","status-publish","format-standard","has-post-thumbnail","hentry","category-locales"],"_links":{"self":[{"href":"http:\/\/informeformosa.com.ar\/index.php?rest_route=\/wp\/v2\/posts\/49572","targetHints":{"allow":["GET"]}}],"collection":[{"href":"http:\/\/informeformosa.com.ar\/index.php?rest_route=\/wp\/v2\/posts"}],"about":[{"href":"http:\/\/informeformosa.com.ar\/index.php?rest_route=\/wp\/v2\/types\/post"}],"author":[{"embeddable":true,"href":"http:\/\/informeformosa.com.ar\/index.php?rest_route=\/wp\/v2\/users\/11"}],"replies":[{"embeddable":true,"href":"http:\/\/informeformosa.com.ar\/index.php?rest_route=%2Fwp%2Fv2%2Fcomments&post=49572"}],"version-history":[{"count":1,"href":"http:\/\/informeformosa.com.ar\/index.php?rest_route=\/wp\/v2\/posts\/49572\/revisions"}],"predecessor-version":[{"id":49588,"href":"http:\/\/informeformosa.com.ar\/index.php?rest_route=\/wp\/v2\/posts\/49572\/revisions\/49588"}],"wp:featuredmedia":[{"embeddable":true,"href":"http:\/\/informeformosa.com.ar\/index.php?rest_route=\/wp\/v2\/media\/49587"}],"wp:attachment":[{"href":"http:\/\/informeformosa.com.ar\/index.php?rest_route=%2Fwp%2Fv2%2Fmedia&parent=49572"}],"wp:term":[{"taxonomy":"category","embeddable":true,"href":"http:\/\/informeformosa.com.ar\/index.php?rest_route=%2Fwp%2Fv2%2Fcategories&post=49572"},{"taxonomy":"post_tag","embeddable":true,"href":"http:\/\/informeformosa.com.ar\/index.php?rest_route=%2Fwp%2Fv2%2Ftags&post=49572"}],"curies":[{"name":"wp","href":"https:\/\/api.w.org\/{rel}","templated":true}]}}