{"id":49570,"date":"2020-09-21T18:07:15","date_gmt":"2020-09-21T21:07:15","guid":{"rendered":"http:\/\/informeformosa.com.ar\/?p=49570"},"modified":"2020-09-22T06:16:10","modified_gmt":"2020-09-22T09:16:10","slug":"confirman-la-suspension-de-los-juegos-nacionales-evita","status":"publish","type":"post","link":"http:\/\/informeformosa.com.ar\/?p=49570","title":{"rendered":"Confirman la suspensi\u00f3n de los Juegos Nacionales Evita"},"content":{"rendered":"\n<p>El Subsecretario de Deportes de la provincia, Mario Romay, confirm\u00f3 que la edici\u00f3n de los Juegos Nacionales Evita de este a\u00f1o queda suspendida por el contexto de la pandemia del COVID en todo el pa\u00eds.<\/p>\n\n\n\n<p>La decisi\u00f3n fue tomada el jueves pasado, en el marco de una reuni\u00f3n de las 24 provincias con la Secretaria de Deportes de la Naci\u00f3n, In\u00e9s Arrondo; y el Ministro de Deportes, Mat\u00edas Lammens.<\/p>\n\n\n\n<p>\u201cEra algo que ya lo ven\u00edamos barajando puertas adentro porque para las provincias es mucho m\u00e1s importante el trabajo que se hace durante todo el a\u00f1o previo a las finales nacionales y es el programa deportivo con mayor alcance, porque alcanza al 90% de los municipios de todo el pa\u00eds\u201d, sostuvo Romay.<\/p>\n\n\n\n<p>En ese sentido, anticip\u00f3 que desde Naci\u00f3n est\u00e1n preparando una producci\u00f3n, a trav\u00e9s de alguna plataforma virtual y las provincias se sumar\u00e1n a la propuesta para no \u201cdejar por alto\u201d la fecha, pero, reiter\u00f3 que \u201cla competencia est\u00e1 suspendida\u201d.<\/p>\n\n\n\n<p>\u201cLo que s\u00ed le pedimos todas las provincias fue que para el a\u00f1o 2021 se revea la cuesti\u00f3n presupuestaria destinadas a los Juegos Evita. Creo que, si este a\u00f1o no se hace, el a\u00f1o que viene podemos destinarle m\u00e1s presupuesto a esta cuesti\u00f3n\u201d, indic\u00f3.<\/p>\n\n\n\n<p>En ese contexto, el funcionario record\u00f3 que, en los \u00faltimos cuatro a\u00f1os, la anterior gesti\u00f3n nacional s\u00f3lo les mandaba el 70% de la final nacional en Mar del Plata, y que \u201ctodo lo que ten\u00eda que ver hacia adentro cada provincia ten\u00eda que hacerse cargo de tres meses y medio, cuatro meses, lo que determina cada provincia seg\u00fan como lo tenga diagramado para hacerlo\u201d.<\/p>\n\n\n\n<p>\u201cEs un programa que llega a m\u00e1s del 90% de los municipios pero que en toda la instancia previa y provincial es cada provincia, ustedes saben que ac\u00e1 empezamos en lo local, despu\u00e9s departamental y provincial con una fuerte inversi\u00f3n para el deporte social\u201d, concluy\u00f3.<\/p>\n","protected":false},"excerpt":{"rendered":"<p>El Subsecretario de Deportes de la provincia, Mario Romay, confirm\u00f3 que la edici\u00f3n de los Juegos Nacionales Evita de este a\u00f1o queda suspendida por el contexto de la pandemia del COVID en todo el pa\u00eds. La decisi\u00f3n fue tomada el jueves pasado, en el marco de una reuni\u00f3n de las 24 provincias con la Secretaria [&hellip;]<\/p>\n","protected":false},"author":11,"featured_media":49592,"comment_status":"closed","ping_status":"closed","sticky":false,"template":"","format":"standard","meta":{"footnotes":""},"categories":[5],"tags":[],"class_list":["post-49570","post","type-post","status-publish","format-standard","has-post-thumbnail","hentry","category-deportes"],"_links":{"self":[{"href":"http:\/\/informeformosa.com.ar\/index.php?rest_route=\/wp\/v2\/posts\/49570","targetHints":{"allow":["GET"]}}],"collection":[{"href":"http:\/\/informeformosa.com.ar\/index.php?rest_route=\/wp\/v2\/posts"}],"about":[{"href":"http:\/\/informeformosa.com.ar\/index.php?rest_route=\/wp\/v2\/types\/post"}],"author":[{"embeddable":true,"href":"http:\/\/informeformosa.com.ar\/index.php?rest_route=\/wp\/v2\/users\/11"}],"replies":[{"embeddable":true,"href":"http:\/\/informeformosa.com.ar\/index.php?rest_route=%2Fwp%2Fv2%2Fcomments&post=49570"}],"version-history":[{"count":1,"href":"http:\/\/informeformosa.com.ar\/index.php?rest_route=\/wp\/v2\/posts\/49570\/revisions"}],"predecessor-version":[{"id":49593,"href":"http:\/\/informeformosa.com.ar\/index.php?rest_route=\/wp\/v2\/posts\/49570\/revisions\/49593"}],"wp:featuredmedia":[{"embeddable":true,"href":"http:\/\/informeformosa.com.ar\/index.php?rest_route=\/wp\/v2\/media\/49592"}],"wp:attachment":[{"href":"http:\/\/informeformosa.com.ar\/index.php?rest_route=%2Fwp%2Fv2%2Fmedia&parent=49570"}],"wp:term":[{"taxonomy":"category","embeddable":true,"href":"http:\/\/informeformosa.com.ar\/index.php?rest_route=%2Fwp%2Fv2%2Fcategories&post=49570"},{"taxonomy":"post_tag","embeddable":true,"href":"http:\/\/informeformosa.com.ar\/index.php?rest_route=%2Fwp%2Fv2%2Ftags&post=49570"}],"curies":[{"name":"wp","href":"https:\/\/api.w.org\/{rel}","templated":true}]}}