{"id":49552,"date":"2020-09-18T22:36:56","date_gmt":"2020-09-19T01:36:56","guid":{"rendered":"http:\/\/informeformosa.com.ar\/?p=49552"},"modified":"2020-09-18T22:36:58","modified_gmt":"2020-09-19T01:36:58","slug":"hospital-de-laguna-blanca-reforzo-las-medidas-de-cuidados-e-higiene-para-la-prevencion-de-covid-19","status":"publish","type":"post","link":"http:\/\/informeformosa.com.ar\/?p=49552","title":{"rendered":"Hospital de Laguna Blanca reforz\u00f3 las medidas de cuidados e higiene para la prevenci\u00f3n de COVID \u2013 19"},"content":{"rendered":"\n<p>Un nuevo taller para continuar con la capacitaci\u00f3n del equipo de salud, en cuanto al manejo de la pandemia por COVID \u2013 19,&nbsp; fue llevado adelante en el hospital distrital de Laguna Blanca.<\/p>\n\n\n\n<p>El mismo fue organizado por profesionales del nivel central del Ministerio de Desarrollo Humano, y destinado a los profesionales y agentes de salud que se desempe\u00f1an en dicho nosocomio, cabecera del distrito sanitario situado en la zona&nbsp; noreste de la provincia, a unos 150 km de la capital.<\/p>\n\n\n\n<p>El objetivo fue seguir con el entrenamiento permanente del equipo de salud para optimizar la atenci\u00f3n, tanto de pacientes sospechosos de COVID-19, que eventualmente sufran la afecci\u00f3n del virus, como se viene haciendo desde la declarada emergencia sanitaria nacional.<\/p>\n\n\n\n<p>Desde la direcci\u00f3n del efector, se\u00f1alaron que en esta ocasi\u00f3n, se acentuaron los conocimientos en cuanto al buen uso de los equipos de protecci\u00f3n personal (E.P.P) e higiene de manos, taller que tuvo instancias te\u00f3ricas y pr\u00e1cticas, diagramadas para una mejor preparaci\u00f3n del personal.<\/p>\n\n\n\n<p>Fueron reiterados los pasos a seguir para la colocaci\u00f3n de los E.P.P, \u201cdestinados a reducir los riesgos de contaminaci\u00f3n y transmisi\u00f3n del virus, causados por el contacto con sangre y\/o fluidos corporales\u201d.<\/p>\n\n\n\n<p>Al respecto, repasaron el orden en que deben colocarse: camisol\u00edn, barbijo, gafas y guantes. Y recordaron que el retiro de los mismos y el posterior desecho, \u201ces uno de los momentos fundamentales en la prevenci\u00f3n de las contaminaciones\u201d, ya que, \u201cest\u00e1 comprobado que la mayor\u00eda de dichas contaminaciones se producen en esta etapa\u201d. Para evitarlas \u201ces necesario hacerlo en el orden correcto recomendado\u201d.<\/p>\n\n\n\n<p><em>Manos<\/em><\/p>\n\n\n\n<p>En la instancia del cuidado de las manos, subrayaron una vez m\u00e1s cu\u00e1les son los momentos del lavado, qu\u00e9 elementos deben utilizarse y los pasos que deben seguirse para hacerlo correctamente \u201ccuidando al equipo de salud y a los pacientes\u201d.<\/p>\n\n\n\n<p>Tambi\u00e9n fueron explicados los tipos de lavados de manos que hay y la diferencia entre higiene de manos y lavado. Indicaron que este proceso es fundamental para prevenir todo tipo de enfermedades, desde las m\u00e1s leves hasta las m\u00e1s graves, y que deben reiterarse en cada contacto con los pacientes. \u201cM\u00e1s a\u00fan ahora, en tiempos de pandemia, donde debemos extremar al m\u00e1ximo las medidas de preventivas\u201d.<\/p>\n","protected":false},"excerpt":{"rendered":"<p>Un nuevo taller para continuar con la capacitaci\u00f3n del equipo de salud, en cuanto al manejo de la pandemia por COVID \u2013 19,&nbsp; fue llevado adelante en el hospital distrital de Laguna Blanca. El mismo fue organizado por profesionales del nivel central del Ministerio de Desarrollo Humano, y destinado a los profesionales y agentes de [&hellip;]<\/p>\n","protected":false},"author":11,"featured_media":49561,"comment_status":"closed","ping_status":"closed","sticky":false,"template":"","format":"standard","meta":{"footnotes":""},"categories":[12],"tags":[],"class_list":["post-49552","post","type-post","status-publish","format-standard","has-post-thumbnail","hentry","category-salud"],"_links":{"self":[{"href":"http:\/\/informeformosa.com.ar\/index.php?rest_route=\/wp\/v2\/posts\/49552","targetHints":{"allow":["GET"]}}],"collection":[{"href":"http:\/\/informeformosa.com.ar\/index.php?rest_route=\/wp\/v2\/posts"}],"about":[{"href":"http:\/\/informeformosa.com.ar\/index.php?rest_route=\/wp\/v2\/types\/post"}],"author":[{"embeddable":true,"href":"http:\/\/informeformosa.com.ar\/index.php?rest_route=\/wp\/v2\/users\/11"}],"replies":[{"embeddable":true,"href":"http:\/\/informeformosa.com.ar\/index.php?rest_route=%2Fwp%2Fv2%2Fcomments&post=49552"}],"version-history":[{"count":1,"href":"http:\/\/informeformosa.com.ar\/index.php?rest_route=\/wp\/v2\/posts\/49552\/revisions"}],"predecessor-version":[{"id":49562,"href":"http:\/\/informeformosa.com.ar\/index.php?rest_route=\/wp\/v2\/posts\/49552\/revisions\/49562"}],"wp:featuredmedia":[{"embeddable":true,"href":"http:\/\/informeformosa.com.ar\/index.php?rest_route=\/wp\/v2\/media\/49561"}],"wp:attachment":[{"href":"http:\/\/informeformosa.com.ar\/index.php?rest_route=%2Fwp%2Fv2%2Fmedia&parent=49552"}],"wp:term":[{"taxonomy":"category","embeddable":true,"href":"http:\/\/informeformosa.com.ar\/index.php?rest_route=%2Fwp%2Fv2%2Fcategories&post=49552"},{"taxonomy":"post_tag","embeddable":true,"href":"http:\/\/informeformosa.com.ar\/index.php?rest_route=%2Fwp%2Fv2%2Ftags&post=49552"}],"curies":[{"name":"wp","href":"https:\/\/api.w.org\/{rel}","templated":true}]}}