{"id":49549,"date":"2020-09-18T22:28:24","date_gmt":"2020-09-19T01:28:24","guid":{"rendered":"http:\/\/informeformosa.com.ar\/?p=49549"},"modified":"2020-09-18T22:28:27","modified_gmt":"2020-09-19T01:28:27","slug":"clorinda-tenemos-medidas-sanitarias-muy-claras-para-cuidar-a-todos-y-todas","status":"publish","type":"post","link":"http:\/\/informeformosa.com.ar\/?p=49549","title":{"rendered":"Clorinda: \u201cTenemos medidas sanitarias muy claras para cuidar a todos y todas\u201d"},"content":{"rendered":"\n<p>El doctor Nelson Guti\u00e9rrez, director del Hospital de Clorinda, enfatiz\u00f3 que en la segunda ciudad de la provincia se vienen llevando adelante \u201cmedidas precisas, claras y fundamentadas cient\u00edfica y epidemiol\u00f3gicamente\u201d contra el COVID-19.<\/p>\n\n\n\n<p>\u201cEn la ciudad de Clorinda se viene trabajando en forma intensa, esquem\u00e1tica, programada y con lineamientos muy claros y precisos con respecto a las medidas sanitarias que nos indican desde el Ministerio de Desarrollo Humano del Gobierno de Formosa, marc\u00e1ndonos con fundamentos t\u00e9cnicos, cient\u00edficos y epidemiol\u00f3gicos cu\u00e1les son las acciones que debemos desarrollar en el terreno\u201d, se\u00f1al\u00f3 a AGENFOR.<\/p>\n\n\n\n<p>En base a los mismos, consign\u00f3, \u201cse est\u00e1 accionando en lo que respecta a la realizaci\u00f3n de hisopados en determinados lugares de la ciudad de Clorinda\u201d, marcando que \u201cse trabaj\u00f3 muy fuerte en la zona de Puerto Pilcomayo y los Kil\u00f3metros 9 y 10, donde es bien sabido que se dio la presencia de una persona que ha dado positivo a COVID, la cual ahora se encuentra internada en el Hospital Interdistrital Evita y su familia cumpliendo el aislamiento correspondiente en Formosa Capital\u201d.<\/p>\n\n\n\n<p>A su vez, critic\u00f3 en duros t\u00e9rminos a un grupo de personas aliadas al PRO que realizaron una marcha convocada a trav\u00e9s de las redes sociales. \u201cSe manifestaron aparentemente pidiendo el desbloqueo de la ciudad, pero nosotros tenemos que recalcar que hay medidas sanitarias bien claras que emanan desde nuestro Gobierno provincial con fundamentos claros y precisos en lo epidemiol\u00f3gico que nos est\u00e1n indicando qu\u00e9 es lo que debemos hacer en este momento\u201d, manifest\u00f3 el doctor Guti\u00e9rrez.<\/p>\n\n\n\n<p>Subray\u00f3 que en contraste a este grupo min\u00fasculo de manifestantes, \u201cla gran mayor\u00eda de la ciudadan\u00eda de Clorinda se est\u00e1 protegiendo, porque entiende que as\u00ed tambi\u00e9n protege a toda la comunidad formose\u00f1a\u201d.<\/p>\n\n\n\n<p>En ese sentido, hizo notar que este jueves a nivel pa\u00eds hubo r\u00e9cord de contagios y de fallecidos por coronavirus, superando la barrera de los 12 mil casos, inclusive inform\u00e1ndose un nuevo positivo en la ciudad de Clorinda.<\/p>\n\n\n\n<p>\u201cHay que dejar claro el concepto de cu\u00e1les son las medidas sanitarias tomadas por el Gobierno provincial, las que reitero: son precisas, claras y por sobre todas las cosas est\u00e1n muy fundamentadas cient\u00edfica y epidemiol\u00f3gicamente\u201d, subray\u00f3, recalcando que se apunta a \u201cresguardar a cada uno de los clorindenses y de los formose\u00f1os\u201d.<\/p>\n\n\n\n<p>En Clorinda \u201cha habido casos y se ha actuado r\u00e1pidamente, con indicaciones claras y precisas sobre lo que tenemos que hacer en el terreno. Se ha llegado eficazmente a todos los lugares, se ha contactado a todas las personas que se encuentran internadas en el Hospital Interdistrital, se han aislado a las familias y se ha realizado la b\u00fasqueda de los contactos estrechos\u201d, apunt\u00f3.<\/p>\n\n\n\n<p>\u201cSe trata de medidas acertadas destinadas a proteger a la ciudadan\u00eda de Clorinda y a todos los formose\u00f1os. Son disposiciones muy claras y en ese sentido tenemos que mantenernos firmes y seguir manej\u00e1ndonos con fundamentos cient\u00edficos\u201d, concluy\u00f3.<\/p>\n","protected":false},"excerpt":{"rendered":"<p>El doctor Nelson Guti\u00e9rrez, director del Hospital de Clorinda, enfatiz\u00f3 que en la segunda ciudad de la provincia se vienen llevando adelante \u201cmedidas precisas, claras y fundamentadas cient\u00edfica y epidemiol\u00f3gicamente\u201d contra el COVID-19. \u201cEn la ciudad de Clorinda se viene trabajando en forma intensa, esquem\u00e1tica, programada y con lineamientos muy claros y precisos con respecto [&hellip;]<\/p>\n","protected":false},"author":11,"featured_media":49555,"comment_status":"closed","ping_status":"closed","sticky":false,"template":"","format":"standard","meta":{"footnotes":""},"categories":[11],"tags":[],"class_list":["post-49549","post","type-post","status-publish","format-standard","has-post-thumbnail","hentry","category-interior"],"_links":{"self":[{"href":"http:\/\/informeformosa.com.ar\/index.php?rest_route=\/wp\/v2\/posts\/49549","targetHints":{"allow":["GET"]}}],"collection":[{"href":"http:\/\/informeformosa.com.ar\/index.php?rest_route=\/wp\/v2\/posts"}],"about":[{"href":"http:\/\/informeformosa.com.ar\/index.php?rest_route=\/wp\/v2\/types\/post"}],"author":[{"embeddable":true,"href":"http:\/\/informeformosa.com.ar\/index.php?rest_route=\/wp\/v2\/users\/11"}],"replies":[{"embeddable":true,"href":"http:\/\/informeformosa.com.ar\/index.php?rest_route=%2Fwp%2Fv2%2Fcomments&post=49549"}],"version-history":[{"count":1,"href":"http:\/\/informeformosa.com.ar\/index.php?rest_route=\/wp\/v2\/posts\/49549\/revisions"}],"predecessor-version":[{"id":49556,"href":"http:\/\/informeformosa.com.ar\/index.php?rest_route=\/wp\/v2\/posts\/49549\/revisions\/49556"}],"wp:featuredmedia":[{"embeddable":true,"href":"http:\/\/informeformosa.com.ar\/index.php?rest_route=\/wp\/v2\/media\/49555"}],"wp:attachment":[{"href":"http:\/\/informeformosa.com.ar\/index.php?rest_route=%2Fwp%2Fv2%2Fmedia&parent=49549"}],"wp:term":[{"taxonomy":"category","embeddable":true,"href":"http:\/\/informeformosa.com.ar\/index.php?rest_route=%2Fwp%2Fv2%2Fcategories&post=49549"},{"taxonomy":"post_tag","embeddable":true,"href":"http:\/\/informeformosa.com.ar\/index.php?rest_route=%2Fwp%2Fv2%2Ftags&post=49549"}],"curies":[{"name":"wp","href":"https:\/\/api.w.org\/{rel}","templated":true}]}}