{"id":49548,"date":"2020-09-18T22:27:09","date_gmt":"2020-09-19T01:27:09","guid":{"rendered":"http:\/\/informeformosa.com.ar\/?p=49548"},"modified":"2020-09-18T22:27:12","modified_gmt":"2020-09-19T01:27:12","slug":"avanzan-nuevos-proyectos-de-mejora-en-estanislao-del-campo","status":"publish","type":"post","link":"http:\/\/informeformosa.com.ar\/?p=49548","title":{"rendered":"Avanzan nuevos proyectos de mejora en Estanislao del Campo"},"content":{"rendered":"\n<p>As\u00ed lo confirm\u00f3 el intendente municipal, Arnaldo Barrios, tras recibir al administrador general de Vialidad Provincial el Ing. Fernando De Vido.<\/p>\n\n\n\n<p>Ambos funcionarios verificaron las obras y trabajos de limpieza del desag\u00fce natural del Riacho Guaycur\u00fa. \u201cEs un riacho que act\u00faa como desag\u00fce natural de este pueblo, cruza por el medio y estamos programando su limpieza, para no tener problemas en d\u00edas de lluvias en los lugares muy bajos\u201d, precis\u00f3 el jefe comunal.<\/p>\n\n\n\n<p>Adem\u00e1s, comenz\u00f3 la refacci\u00f3n de m\u00e1s de 500 metros de vereda comunitaria que mejorar\u00e1 la transitabilidad de todos los vecinos, y la localidad ya cuenta con iluminaci\u00f3n LED en la avenida 2 de Abril y el paseo Ferrocarril, pr\u00f3xima atracci\u00f3n tur\u00edstica.<\/p>\n\n\n\n<p>Al hacer un repaso de la actualidad productiva, Barrios lament\u00f3 los efectos de la sequ\u00eda y se\u00f1al\u00f3 que los productores no pudieron preparar el suelo, necesario para la agricultura. \u201cTenemos p\u00e9rdidas en el sector ganadero. Es mucho lo que se perdi\u00f3 entre animales que se murieron, no se pudieron mantener en pie y otros que se tuvieron que vender\u201d, detall\u00f3.<\/p>\n\n\n\n<p>\u201cDesde un principio cre\u00edmos en el proyecto que nos marc\u00f3 el gobernador Gildo Insfr\u00e1n sobre el trabajo importante que se hizo en el Ba\u00f1ado La Estrella y el agua que viene a trav\u00e9s del riacho Monte Lindo hacia nuestra zona, la aprovechamos al m\u00e1ximo, gestionamos a trav\u00e9s de Vialidad Provincial la profundizaci\u00f3n y limpieza de nuestro canal que nos abastece desde el Monte Lindo hasta la laguna Flores, nuestro reservorio en la localidad\u201d, adelant\u00f3 el jefe comunal.<\/p>\n\n\n\n<p>Sostuvo que en la actualidad Estanislao del Campo cuenta con agua y reservas para varios meses, y confi\u00f3 que en tres meses podr\u00edan ocurrir \u201cbuenas lluvias\u201d.<\/p>\n\n\n\n<p>\u201cDesde que iniciamos no paramos, estamos muy contentos y agradecidos por el acompa\u00f1amiento del Gobierno provincial, a trav\u00e9s del programa \u201cPor Nuestra Gente Obras\u201d,&nbsp; ya que udimos concretar obras importantes para poder arrancar. Tuve la posibilidad de tener dos programas juntos, porque la gesti\u00f3n anterior no los hab\u00eda gestionado. Le sacamos al jugo con varias obras interesantes\u201d, destac\u00f3.<\/p>\n\n\n\n<p>Adem\u00e1s de la iluminaci\u00f3n LED de 600 metros en la avenida 2 de Abril, se suma el Paseo Ferrocarril con 24 cuadras de ripio, que est\u00e1n en ejecuci\u00f3n. Para noviembre est\u00e1 prevista la inauguraci\u00f3n del matadero municipal.<\/p>\n","protected":false},"excerpt":{"rendered":"<p>As\u00ed lo confirm\u00f3 el intendente municipal, Arnaldo Barrios, tras recibir al administrador general de Vialidad Provincial el Ing. Fernando De Vido. Ambos funcionarios verificaron las obras y trabajos de limpieza del desag\u00fce natural del Riacho Guaycur\u00fa. \u201cEs un riacho que act\u00faa como desag\u00fce natural de este pueblo, cruza por el medio y estamos programando su [&hellip;]<\/p>\n","protected":false},"author":11,"featured_media":49553,"comment_status":"closed","ping_status":"closed","sticky":false,"template":"","format":"standard","meta":{"footnotes":""},"categories":[11],"tags":[],"class_list":["post-49548","post","type-post","status-publish","format-standard","has-post-thumbnail","hentry","category-interior"],"_links":{"self":[{"href":"http:\/\/informeformosa.com.ar\/index.php?rest_route=\/wp\/v2\/posts\/49548","targetHints":{"allow":["GET"]}}],"collection":[{"href":"http:\/\/informeformosa.com.ar\/index.php?rest_route=\/wp\/v2\/posts"}],"about":[{"href":"http:\/\/informeformosa.com.ar\/index.php?rest_route=\/wp\/v2\/types\/post"}],"author":[{"embeddable":true,"href":"http:\/\/informeformosa.com.ar\/index.php?rest_route=\/wp\/v2\/users\/11"}],"replies":[{"embeddable":true,"href":"http:\/\/informeformosa.com.ar\/index.php?rest_route=%2Fwp%2Fv2%2Fcomments&post=49548"}],"version-history":[{"count":1,"href":"http:\/\/informeformosa.com.ar\/index.php?rest_route=\/wp\/v2\/posts\/49548\/revisions"}],"predecessor-version":[{"id":49554,"href":"http:\/\/informeformosa.com.ar\/index.php?rest_route=\/wp\/v2\/posts\/49548\/revisions\/49554"}],"wp:featuredmedia":[{"embeddable":true,"href":"http:\/\/informeformosa.com.ar\/index.php?rest_route=\/wp\/v2\/media\/49553"}],"wp:attachment":[{"href":"http:\/\/informeformosa.com.ar\/index.php?rest_route=%2Fwp%2Fv2%2Fmedia&parent=49548"}],"wp:term":[{"taxonomy":"category","embeddable":true,"href":"http:\/\/informeformosa.com.ar\/index.php?rest_route=%2Fwp%2Fv2%2Fcategories&post=49548"},{"taxonomy":"post_tag","embeddable":true,"href":"http:\/\/informeformosa.com.ar\/index.php?rest_route=%2Fwp%2Fv2%2Ftags&post=49548"}],"curies":[{"name":"wp","href":"https:\/\/api.w.org\/{rel}","templated":true}]}}