{"id":49541,"date":"2020-09-16T12:01:39","date_gmt":"2020-09-16T15:01:39","guid":{"rendered":"http:\/\/informeformosa.com.ar\/?p=49541"},"modified":"2020-09-17T01:33:30","modified_gmt":"2020-09-17T04:33:30","slug":"marcelo-ugelli-una-realizacion-mas-de-este-gobierno-justicialista","status":"publish","type":"post","link":"http:\/\/informeformosa.com.ar\/?p=49541","title":{"rendered":"Marcelo Ugelli: \u201cUna realizaci\u00f3n m\u00e1s de este gobierno justicialista\u201d"},"content":{"rendered":"\n<p>El administrador general del Instituto Provincial de la Vivienda (IPV), Marcelo Ugelli, brind\u00f3 detalles sobre las unidades habitacionales que se entregaron este mi\u00e9rcoles en la localidad de Siete Palmas.<\/p>\n\n\n\n<p>\u201cHoy, 40 familias m\u00e1s tienen un techo propio\u201d, resumi\u00f3 el funcionario provincial y detall\u00f3 que las viviendas est\u00e1n construidas en dos manzanas, que se enmarcan dentro de la modalidad \u201cTecho Digno\u201d, mientras que los terrenos tienen una extensi\u00f3n de 10 x 20 y cada unidad habitacional cuenta con dos dormitorios, ba\u00f1o, comedor, cocina, patio y lavadero.<\/p>\n\n\n\n<p><a>\u201cLas familias tienen todos los servicios: agua potable, electricidad, alumbrado <\/a>p\u00fablico, vereda, desag\u00fces pluviales y ripio en las calles perimetrales\u201d, precis\u00f3 el titular del IPV.<\/p>\n\n\n\n<p>En este marco, Marcelo Ugelli resalt\u00f3 que \u201ces una realizaci\u00f3n m\u00e1s de este Gobierno justicialista conducido por el gobernador Gildo Insfr\u00e1n\u201d; y sobre el final valor\u00f3 \u201cla gran satisfacci\u00f3n\u201d que sent\u00edan junto a los funcionarios provinciales que estaban presentes al ver ingresar a las familias a sus nuevos hogares.&nbsp;<\/p>\n","protected":false},"excerpt":{"rendered":"<p>El administrador general del Instituto Provincial de la Vivienda (IPV), Marcelo Ugelli, brind\u00f3 detalles sobre las unidades habitacionales que se entregaron este mi\u00e9rcoles en la localidad de Siete Palmas. \u201cHoy, 40 familias m\u00e1s tienen un techo propio\u201d, resumi\u00f3 el funcionario provincial y detall\u00f3 que las viviendas est\u00e1n construidas en dos manzanas, que se enmarcan dentro [&hellip;]<\/p>\n","protected":false},"author":11,"featured_media":49544,"comment_status":"closed","ping_status":"closed","sticky":false,"template":"","format":"standard","meta":{"footnotes":""},"categories":[12],"tags":[],"class_list":["post-49541","post","type-post","status-publish","format-standard","has-post-thumbnail","hentry","category-salud"],"_links":{"self":[{"href":"http:\/\/informeformosa.com.ar\/index.php?rest_route=\/wp\/v2\/posts\/49541","targetHints":{"allow":["GET"]}}],"collection":[{"href":"http:\/\/informeformosa.com.ar\/index.php?rest_route=\/wp\/v2\/posts"}],"about":[{"href":"http:\/\/informeformosa.com.ar\/index.php?rest_route=\/wp\/v2\/types\/post"}],"author":[{"embeddable":true,"href":"http:\/\/informeformosa.com.ar\/index.php?rest_route=\/wp\/v2\/users\/11"}],"replies":[{"embeddable":true,"href":"http:\/\/informeformosa.com.ar\/index.php?rest_route=%2Fwp%2Fv2%2Fcomments&post=49541"}],"version-history":[{"count":1,"href":"http:\/\/informeformosa.com.ar\/index.php?rest_route=\/wp\/v2\/posts\/49541\/revisions"}],"predecessor-version":[{"id":49547,"href":"http:\/\/informeformosa.com.ar\/index.php?rest_route=\/wp\/v2\/posts\/49541\/revisions\/49547"}],"wp:featuredmedia":[{"embeddable":true,"href":"http:\/\/informeformosa.com.ar\/index.php?rest_route=\/wp\/v2\/media\/49544"}],"wp:attachment":[{"href":"http:\/\/informeformosa.com.ar\/index.php?rest_route=%2Fwp%2Fv2%2Fmedia&parent=49541"}],"wp:term":[{"taxonomy":"category","embeddable":true,"href":"http:\/\/informeformosa.com.ar\/index.php?rest_route=%2Fwp%2Fv2%2Fcategories&post=49541"},{"taxonomy":"post_tag","embeddable":true,"href":"http:\/\/informeformosa.com.ar\/index.php?rest_route=%2Fwp%2Fv2%2Ftags&post=49541"}],"curies":[{"name":"wp","href":"https:\/\/api.w.org\/{rel}","templated":true}]}}