{"id":49540,"date":"2020-09-16T12:01:05","date_gmt":"2020-09-16T15:01:05","guid":{"rendered":"http:\/\/informeformosa.com.ar\/?p=49540"},"modified":"2020-09-17T01:31:11","modified_gmt":"2020-09-17T04:31:11","slug":"sin-nuevos-casos-el-consejo-informo-nuevas-condiciones-para-el-ingreso-a-la-provincia","status":"publish","type":"post","link":"http:\/\/informeformosa.com.ar\/?p=49540","title":{"rendered":"Sin nuevos casos, el Consejo inform\u00f3 nuevas  condiciones para el ingreso a la Provincia"},"content":{"rendered":"\n<p>En virtud a dicha situaci\u00f3n, el Consejo dispuso el mismo tratamiento expuesto en el caso mencionado para todas las personas que hayan solicitado el ingreso al territorio provincial. Esto significa que toda persona que acredite haber sido diagnosticada con COVID-19 por un estudio de PCR positivo o presentar an\u00e1lisis serol\u00f3gicos de IGG+ para coronavirus, adem\u00e1s de haber sido cargado su caso en el Sistema Integrado de Informaci\u00f3n Sanitaria Argentina, tendr\u00e1n prioridad para el ingreso a la provincia con el PCR negativo previo.<\/p>\n\n\n\n<p>Una vez ingresados al territorio, deber\u00e1n estar en aislamiento en un centro de alojamiento preventivo mientras se realicen los estudios de laboratorios correspondientes que acrediten la imposibilidad de contagio.<\/p>\n\n\n\n<p>Sin casos nuevos<\/p>\n\n\n\n<p>Por otro lado, se comunic\u00f3 que en las \u00faltimas 24 horas se realizaron 264 test de vigilancia y b\u00fasqueda activa de casos, todos ellos con resultados negativos a coronavirus. Del mismo modo, no se reportaron casos sospechosos en base a los criterios del protocolo COVID-19.<\/p>\n\n\n\n<p>En este contexto, los datos acumulados de la Provincia al d\u00eda mi\u00e9rcoles 16 de septiembre, son los siguientes: 111 diagnosticados; 90 recuperados; 11 casos activos internados de los cuales 9 est\u00e1n asintom\u00e1ticos; cero fallecimientos por coronavirus; 8 casos en tr\u00e1nsito con egreso de la provincia; dos casos extranjeros importados; y 11.122 test realizados con el 1% de positividad.<\/p>\n\n\n\n<p>Controles<\/p>\n\n\n\n<p>Los n\u00fameros de las \u00faltimas 24 horas relativos a la tarea preventiva que lleva adelante la Polic\u00eda en toda la provincia, son los siguientes: 643 ingresos de camiones de carga; 12.213 personas y 9.942 veh\u00edculos controlados en la v\u00eda p\u00fablica; 141 infracciones labradas a veh\u00edculos por restricci\u00f3n de circulaci\u00f3n y patente; y 322 a personas por restricci\u00f3n de circulaci\u00f3n y no uso de barbijo; cinco ingresos irregulares judicializados; y dos incumplimientos de transportistas del corredor sanitario m\u00e1s dos contactos en estudio.<\/p>\n\n\n\n<p>Dos hechos hist\u00f3ricos<\/p>\n\n\n\n<p>Por \u00faltimo, el Consejo conmemor\u00f3 dos hechos hist\u00f3ricos que patentizan el terrorismo de Estado que se abati\u00f3 sobre la Argentina: el Golpe de Estado c\u00edvico-militar de 1955, conocido como la Revoluci\u00f3n Fusiladora en contra del gobierno democr\u00e1tico de Juan Domingo Per\u00f3n, y la Noche de los L\u00e1pices en 1976, donde agentes de la dictadura secuestraron e hicieron desaparecer a j\u00f3venes estudiantes secundarios que reclamaron por el boleto estudiantil.<\/p>\n\n\n\n<p>\u201cResulta inconcebible que a la luz de esos dolorosos hechos, en estos tiempos resurjan discursos sustituyentes y desestabilizantes contra un gobierno democr\u00e1ticamente electo, poniendo en cuestionamiento a la voluntad popular soberana del pueblo argentino con el \u00fanico fin de proteger privilegios de una minor\u00eda\u201d, expresaron.<\/p>\n\n\n\n<p>Y concluyeron: \u201cSon los virus de la codicia, del individualismo y del ego\u00edsmo los que tambi\u00e9n debemos combatir en estos tiempos, adem\u00e1s del virus pand\u00e9mico que asola a la humanidad\u201d.<\/p>\n","protected":false},"excerpt":{"rendered":"<p>En virtud a dicha situaci\u00f3n, el Consejo dispuso el mismo tratamiento expuesto en el caso mencionado para todas las personas que hayan solicitado el ingreso al territorio provincial. Esto significa que toda persona que acredite haber sido diagnosticada con COVID-19 por un estudio de PCR positivo o presentar an\u00e1lisis serol\u00f3gicos de IGG+ para coronavirus, adem\u00e1s [&hellip;]<\/p>\n","protected":false},"author":11,"featured_media":49545,"comment_status":"closed","ping_status":"closed","sticky":false,"template":"","format":"standard","meta":{"footnotes":""},"categories":[2],"tags":[],"class_list":["post-49540","post","type-post","status-publish","format-standard","has-post-thumbnail","hentry","category-locales"],"_links":{"self":[{"href":"http:\/\/informeformosa.com.ar\/index.php?rest_route=\/wp\/v2\/posts\/49540","targetHints":{"allow":["GET"]}}],"collection":[{"href":"http:\/\/informeformosa.com.ar\/index.php?rest_route=\/wp\/v2\/posts"}],"about":[{"href":"http:\/\/informeformosa.com.ar\/index.php?rest_route=\/wp\/v2\/types\/post"}],"author":[{"embeddable":true,"href":"http:\/\/informeformosa.com.ar\/index.php?rest_route=\/wp\/v2\/users\/11"}],"replies":[{"embeddable":true,"href":"http:\/\/informeformosa.com.ar\/index.php?rest_route=%2Fwp%2Fv2%2Fcomments&post=49540"}],"version-history":[{"count":1,"href":"http:\/\/informeformosa.com.ar\/index.php?rest_route=\/wp\/v2\/posts\/49540\/revisions"}],"predecessor-version":[{"id":49546,"href":"http:\/\/informeformosa.com.ar\/index.php?rest_route=\/wp\/v2\/posts\/49540\/revisions\/49546"}],"wp:featuredmedia":[{"embeddable":true,"href":"http:\/\/informeformosa.com.ar\/index.php?rest_route=\/wp\/v2\/media\/49545"}],"wp:attachment":[{"href":"http:\/\/informeformosa.com.ar\/index.php?rest_route=%2Fwp%2Fv2%2Fmedia&parent=49540"}],"wp:term":[{"taxonomy":"category","embeddable":true,"href":"http:\/\/informeformosa.com.ar\/index.php?rest_route=%2Fwp%2Fv2%2Fcategories&post=49540"},{"taxonomy":"post_tag","embeddable":true,"href":"http:\/\/informeformosa.com.ar\/index.php?rest_route=%2Fwp%2Fv2%2Ftags&post=49540"}],"curies":[{"name":"wp","href":"https:\/\/api.w.org\/{rel}","templated":true}]}}