{"id":49539,"date":"2020-09-16T23:59:01","date_gmt":"2020-09-17T02:59:01","guid":{"rendered":"http:\/\/informeformosa.com.ar\/?p=49539"},"modified":"2020-09-16T23:59:04","modified_gmt":"2020-09-17T02:59:04","slug":"mas-de-un-centenar-de-netbooks-y-tablets-fueron-distribuidas-en-los-chiriguanos-y-laguna-yema","status":"publish","type":"post","link":"http:\/\/informeformosa.com.ar\/?p=49539","title":{"rendered":"M\u00e1s de un centenar de netbooks y tablets fueron distribuidas en Los Chiriguanos y Laguna Yema"},"content":{"rendered":"\n<p>El vicegobernador Eber Wilson Sol\u00eds encabez\u00f3 el acto de entrega de un centenar de netbooks y tablets del programa \u201cAprender Conectados\u201d, en la EPES N\u00b066 de la localidad de Los Chiriguanos y en la EPES 25 de Laguna Yema, para ser distribuidos a estudiantes de la delegaci\u00f3n zonal Bermejo.<\/p>\n\n\n\n<p>En Los Chiriguanos, la ceremonia cont\u00f3 con la presencia del presidente de la Comisi\u00f3n Vecinal, Antonio Caldera; la subsecretaria de Educaci\u00f3n, Anal\u00edaHeizenreder; el subsecretario de la Unidad provincial de Sistemas y Tecnolog\u00edas de Informaci\u00f3n, Lucas Vicente, el subsecretario de Planificaci\u00f3n de la Inversi\u00f3n P\u00fablica, Pablo Olivera, entre otras autoridades, mientras que en Laguna Yema, fueron recibidos por el intendente comunal Luis Corval\u00e1n y autoridades locales.<\/p>\n\n\n\n<p>Al hablar en el primer acto,&nbsp; el vicegobernador Eber Sol\u00eds agradeci\u00f3 a los presentes y elogi\u00f3 el progreso en Los Chiriguanos que \u201cest\u00e1 cada vez m\u00e1s linda y la gente m\u00e1s integrada\u201d.<\/p>\n\n\n\n<p>\u201cPorque hay pol\u00edticas que les trajo energ\u00eda el\u00e9ctrica, acceso, telecomunicaciones, salud, educaci\u00f3n y sobre todas las cosas est\u00e1 integrada porque hay un pueblo presente que tiene muchas ganas de seguir creciendo\u201d, subray\u00f3 el presidente nato de la Legislatura Provincial.<\/p>\n\n\n\n<p>En este contexto, valor\u00f3 la tarea de los docentes del lugar y los que pertenecen a otros anexos de esa delegaci\u00f3n porque \u201cpusieron el mayor de los esfuerzos para que la educaci\u00f3n permanente de los chicos no se detenga a pesar que en el mundo lleg\u00f3&nbsp; una pandemia que cambi\u00f3 los modos y las formas\u201d.<\/p>\n\n\n\n<p>Adem\u00e1s, Sol\u00eds remarc\u00f3 que estas computadoras, m\u00e1s all\u00e1 de ser herramientas para acceder al conocimiento, tambi\u00e9n son el s\u00edmbolo de una pol\u00edtica que se dej\u00f3 atr\u00e1s, porque \u201ceste equipamiento estuvo guardado m\u00e1s de cuatro a\u00f1os en un galp\u00f3n, llen\u00e1ndose de telara\u00f1as, de tierra\u201d.<\/p>\n\n\n\n<p>\u201cEso demuestra a las claras la pol\u00edtica p\u00fablica que impulsa el gobernador Gildo Insfr\u00e1n. Por eso, no hay que cansarse de decir que en el 2010 se lanz\u00f3 el Conectar Igualdad de la mano de Cristina Fern\u00e1ndez de Kirchner, por un gobierno nacional y popular y ac\u00e1 en Formosa por el gobernador Insfr\u00e1n\u201d, record\u00f3.<\/p>\n\n\n\n<p>Y agreg\u00f3: \u201cCuando lleg\u00f3 el 2015 el gobierno neoliberal dijo para qu\u00e9 queremos que los chicos que vivan en Los Chiriguanos tengan una notebook o una tablet. Pero los hijos de Los Chiriguanos tienen el mismo derecho que cualquier hijo de porte\u00f1o, de santafesino, de alguno de Formosa capital\u201d.<\/p>\n\n\n\n<p><strong>Cr\u00edticas<\/strong><\/p>\n\n\n\n<p>Al hablar en Laguna Yema, el vicegobernador critic\u00f3 a los legisladores de la oposici\u00f3n que votaron en contra del proyecto remitido por el Poder Ejecutivo de creaci\u00f3n del Polo Cient\u00edfico y Tecnol\u00f3gico, que ya funciona a la vera de la ruta nacional 81.<\/p>\n\n\n\n<p>Al respecto, sostuvo que se trata de la misma oposici\u00f3n que durante cuatro a\u00f1os dej\u00f3 que las netbooks y tablets juntaran polvo en alg\u00fan galp\u00f3n, impidi\u00e9ndole as\u00ed el acceso a estudiantes de todo el pa\u00eds a la tecnolog\u00eda.<\/p>\n\n\n\n<p>\u201cPor mucho tiempo nos quer\u00edan decir que hay temas que los formose\u00f1os no podemos tocar, dec\u00edan que Formosa era una provincia inviable. O como dec\u00eda Macri, para qu\u00e9 vamos a darle asado, si no tienen parrilla\u201d, subray\u00f3 el vicegobernador.<\/p>\n\n\n\n<p>Destac\u00f3, asimismo, que aqu\u00ed las computadoras ser\u00e1n bien aprovechadas por los j\u00f3venes estudiantes, que ya cuentan con una red de fibra \u00f3ptica provincial que permitir\u00e1 la navegaci\u00f3n segura.<\/p>\n\n\n\n<p><strong>Subsecretaria<\/strong><\/p>\n\n\n\n<p>Por su parte, AnaliaHeizenreder, reiter\u00f3 que \u201cestos equipos est\u00e1n&nbsp; destinados a los alumnos de educaci\u00f3n secundaria que fueron olvidados a prop\u00f3sito por el gobierno anterior, en un lugar que no sabemos con qu\u00e9 fin y no se entreg\u00f3 ese material a los alumnos de educaci\u00f3n secundaria de Argentina\u201d.<\/p>\n\n\n\n<p>En ese marco, asever\u00f3 que el nuevo gobierno nacional retom\u00f3 la pol\u00edtica de la conectividad equitativa y ahora el equipamiento \u201cest\u00e1 llegando a sus leg\u00edtimos due\u00f1os que son nuestros alumnos\u201d.<\/p>\n\n\n\n<p>\u201cAlgunos se preguntar\u00e1n por qu\u00e9 4to a\u00f1o, cuando se inicia el gobierno anterior entregaron a algunas escuelas en primer a\u00f1o de educaci\u00f3n secundaria y no a todos a los que realmente les correspond\u00eda. Nosotros estamos entregando ahora y llevando justicia en esta situaci\u00f3n, a los alumnos de 4to a\u00f1o que no recibieron cuando estaban en 1ro\u201d, explic\u00f3 la funcionaria.<\/p>\n\n\n\n<p>Tambi\u00e9n agradeci\u00f3 a los docentes de la provincia de todos los niveles y modalidades que \u201cdesde el inicio de la pandemia se hicieron cargo de una situaci\u00f3n para la cual&nbsp; nadie estaba preparado y se pusieron al frente a la necesidad de brindar el servicio de comedor escolar con las formas que podemos pensar, pero llegaron a los alumnos\u201d.<\/p>\n\n\n\n<p>\u201cEn forma paralela pusieron a andar la asistencia pedag\u00f3gica fuera del establecimiento porque la escuela se traslad\u00f3 al hogar y desde su domicilio comenzaron a trabajar las tareas para cada uno de sus alumnos\u201d, se\u00f1al\u00f3 y tambi\u00e9n le dio las gracias a las familias que acompa\u00f1aron a cada estudiante.<\/p>\n\n\n\n<p>Por su parte, el delegado zonal del departamento Bermejo, Ricardo Fralasco, en di\u00e1logo&nbsp; con AGENFOR anticip\u00f3 que en total se entregar\u00e1n m\u00e1s de 120 computadoras en todos los establecimientos de la zona.<\/p>\n\n\n\n<p>En esa l\u00ednea, Fralasco evalu\u00f3 la modalidad virtual en las instituciones que tiene a cargo y dijo que la mayor\u00eda de las familias acompa\u00f1\u00f3 a los estudiantes en este proceso pero que tambi\u00e9n hubo aquellas a las que \u201cles cost\u00f3 entender esta nueva realidad de trabajar juntos la escuela y la familia\u201d.<\/p>\n\n\n\n<p>\u201cAc\u00e1 tuvo un impacto positivo, el problema era en algunas familias la cuesti\u00f3n de disponer medios para una clase virtual y este programa viene a resolver este problema, porque esa m\u00e1quina no va a usarla solamente el chico de 4to a\u00f1o, sino que es para toda la familia\u201d, argument\u00f3.<\/p>\n\n\n\n<p>Y se\u00f1al\u00f3 que \u201cvarias escuelas de las zonas rurales\u201d, excepto las de las costas del r\u00edo Bermejo, \u201cvolvieron a la semipresencialidad, lo cual alivia la tensi\u00f3n y carga que ten\u00edan las familias\u201d.<\/p>\n\n\n\n<p>La entrega de los equipamientos continuar\u00e1&nbsp; este jueves 17 de septiembre, a las 8.30 horas en la EPES N\u00b012 de Ingeniero Ju\u00e1rez; a las 11 horas en la EPEP 420 de Misi\u00f3n Pozo Yacar\u00e9; a las 15 horas en la EAP de Sumay\u00e9n; y a las 18 horas en la sede de la delegaci\u00f3n zonal de Las Lomitas.<\/p>\n\n\n\n<p>El viernes 18, se har\u00e1 lo propio, desde las 8.30 horas en la EPES N\u00b039 de Posta Cambio Zalazar; y a las 11 horas, en la EPEP N\u00b090 de R\u00edo Muerto.<\/p>\n","protected":false},"excerpt":{"rendered":"<p>El vicegobernador Eber Wilson Sol\u00eds encabez\u00f3 el acto de entrega de un centenar de netbooks y tablets del programa \u201cAprender Conectados\u201d, en la EPES N\u00b066 de la localidad de Los Chiriguanos y en la EPES 25 de Laguna Yema, para ser distribuidos a estudiantes de la delegaci\u00f3n zonal Bermejo. En Los Chiriguanos, la ceremonia cont\u00f3 [&hellip;]<\/p>\n","protected":false},"author":11,"featured_media":49542,"comment_status":"closed","ping_status":"closed","sticky":false,"template":"","format":"standard","meta":{"footnotes":""},"categories":[4],"tags":[],"class_list":["post-49539","post","type-post","status-publish","format-standard","has-post-thumbnail","hentry","category-educacion"],"_links":{"self":[{"href":"http:\/\/informeformosa.com.ar\/index.php?rest_route=\/wp\/v2\/posts\/49539","targetHints":{"allow":["GET"]}}],"collection":[{"href":"http:\/\/informeformosa.com.ar\/index.php?rest_route=\/wp\/v2\/posts"}],"about":[{"href":"http:\/\/informeformosa.com.ar\/index.php?rest_route=\/wp\/v2\/types\/post"}],"author":[{"embeddable":true,"href":"http:\/\/informeformosa.com.ar\/index.php?rest_route=\/wp\/v2\/users\/11"}],"replies":[{"embeddable":true,"href":"http:\/\/informeformosa.com.ar\/index.php?rest_route=%2Fwp%2Fv2%2Fcomments&post=49539"}],"version-history":[{"count":1,"href":"http:\/\/informeformosa.com.ar\/index.php?rest_route=\/wp\/v2\/posts\/49539\/revisions"}],"predecessor-version":[{"id":49543,"href":"http:\/\/informeformosa.com.ar\/index.php?rest_route=\/wp\/v2\/posts\/49539\/revisions\/49543"}],"wp:featuredmedia":[{"embeddable":true,"href":"http:\/\/informeformosa.com.ar\/index.php?rest_route=\/wp\/v2\/media\/49542"}],"wp:attachment":[{"href":"http:\/\/informeformosa.com.ar\/index.php?rest_route=%2Fwp%2Fv2%2Fmedia&parent=49539"}],"wp:term":[{"taxonomy":"category","embeddable":true,"href":"http:\/\/informeformosa.com.ar\/index.php?rest_route=%2Fwp%2Fv2%2Fcategories&post=49539"},{"taxonomy":"post_tag","embeddable":true,"href":"http:\/\/informeformosa.com.ar\/index.php?rest_route=%2Fwp%2Fv2%2Ftags&post=49539"}],"curies":[{"name":"wp","href":"https:\/\/api.w.org\/{rel}","templated":true}]}}