{"id":49525,"date":"2020-09-15T21:51:43","date_gmt":"2020-09-16T00:51:43","guid":{"rendered":"http:\/\/informeformosa.com.ar\/?p=49525"},"modified":"2020-09-15T21:51:46","modified_gmt":"2020-09-16T00:51:46","slug":"gildo-insfran-participo-de-reunion-por-hidrovia-paraguay-parana","status":"publish","type":"post","link":"http:\/\/informeformosa.com.ar\/?p=49525","title":{"rendered":"Gildo Insfr\u00e1n particip\u00f3 de reuni\u00f3n  por Hidrov\u00eda Paraguay-Paran\u00e1"},"content":{"rendered":"\n<p>El gobernador de la provincia de Formosa doctor Gildo Insfr\u00e1n particip\u00f3 este martes de la reuni\u00f3n por videoconferencia con el Ministro de Transporte, Mario Meoni, y los gobernadores de las provincias firmantes para tratar temas referentes al Acuerdo Federal de la Hidrov\u00eda.<br><br>\u201cEs necesario trabajar para convertir a la hidrov\u00eda en un eje de desarrollo para toda la regi\u00f3n, creando nuevas oportunidades productivas y de trabajo a partir del mejoramiento de la log\u00edstica al servicio de las econom\u00edas regionales y del comercio nacional con el resto del mundo\u201d opin\u00f3 el primer mandatario a trav\u00e9s de sus redes sociales.<\/p>\n\n\n\n<p>Cabe recordar que el 28 de agosto pasado, Insfr\u00e1n, firm\u00f3 junto a sus pares de Corrientes, Chaco, Entre R\u00edos, Misiones y Santa Fe firmaron el Acuerdo Federal de la Hidrov\u00eda Paraguay-Paran\u00e1, en un acto &nbsp;encabezado por el presidente de la Naci\u00f3n, Alberto Fern\u00e1ndez, en la localidad de Puerto San Mart\u00edn, provincia de Santa Fe.<\/p>\n\n\n\n<p>El acuerdo incluye la creaci\u00f3n de una nueva empresa estatal, con participaci\u00f3n del 51% del Estado nacional y del 49% por parte de siete provincias, que controlar\u00e1 la hidrov\u00eda el transporte de los r\u00edos Paraguay y Paran\u00e1.<\/p>\n\n\n\n<p>Adem\u00e1s, establece que el Estado nacional comenzar\u00e1 a administrar la v\u00eda navegable junto a las provincias de Buenos Aires, Chaco, Corrientes, Entre R\u00edos, Formosa, Misiones y Santa Fe.<\/p>\n","protected":false},"excerpt":{"rendered":"<p>El gobernador de la provincia de Formosa doctor Gildo Insfr\u00e1n particip\u00f3 este martes de la reuni\u00f3n por videoconferencia con el Ministro de Transporte, Mario Meoni, y los gobernadores de las provincias firmantes para tratar temas referentes al Acuerdo Federal de la Hidrov\u00eda. \u201cEs necesario trabajar para convertir a la hidrov\u00eda en un eje de desarrollo [&hellip;]<\/p>\n","protected":false},"author":11,"featured_media":49534,"comment_status":"closed","ping_status":"closed","sticky":false,"template":"","format":"standard","meta":{"footnotes":""},"categories":[6],"tags":[],"class_list":["post-49525","post","type-post","status-publish","format-standard","has-post-thumbnail","hentry","category-nacionales"],"_links":{"self":[{"href":"http:\/\/informeformosa.com.ar\/index.php?rest_route=\/wp\/v2\/posts\/49525","targetHints":{"allow":["GET"]}}],"collection":[{"href":"http:\/\/informeformosa.com.ar\/index.php?rest_route=\/wp\/v2\/posts"}],"about":[{"href":"http:\/\/informeformosa.com.ar\/index.php?rest_route=\/wp\/v2\/types\/post"}],"author":[{"embeddable":true,"href":"http:\/\/informeformosa.com.ar\/index.php?rest_route=\/wp\/v2\/users\/11"}],"replies":[{"embeddable":true,"href":"http:\/\/informeformosa.com.ar\/index.php?rest_route=%2Fwp%2Fv2%2Fcomments&post=49525"}],"version-history":[{"count":1,"href":"http:\/\/informeformosa.com.ar\/index.php?rest_route=\/wp\/v2\/posts\/49525\/revisions"}],"predecessor-version":[{"id":49535,"href":"http:\/\/informeformosa.com.ar\/index.php?rest_route=\/wp\/v2\/posts\/49525\/revisions\/49535"}],"wp:featuredmedia":[{"embeddable":true,"href":"http:\/\/informeformosa.com.ar\/index.php?rest_route=\/wp\/v2\/media\/49534"}],"wp:attachment":[{"href":"http:\/\/informeformosa.com.ar\/index.php?rest_route=%2Fwp%2Fv2%2Fmedia&parent=49525"}],"wp:term":[{"taxonomy":"category","embeddable":true,"href":"http:\/\/informeformosa.com.ar\/index.php?rest_route=%2Fwp%2Fv2%2Fcategories&post=49525"},{"taxonomy":"post_tag","embeddable":true,"href":"http:\/\/informeformosa.com.ar\/index.php?rest_route=%2Fwp%2Fv2%2Ftags&post=49525"}],"curies":[{"name":"wp","href":"https:\/\/api.w.org\/{rel}","templated":true}]}}