{"id":49523,"date":"2020-09-15T21:48:58","date_gmt":"2020-09-16T00:48:58","guid":{"rendered":"http:\/\/informeformosa.com.ar\/?p=49523"},"modified":"2020-09-15T21:49:01","modified_gmt":"2020-09-16T00:49:01","slug":"perez-anticipo-que-defensa-al-consumidor-fiscalizara-los-precios-cuidados-en-la-construccion","status":"publish","type":"post","link":"http:\/\/informeformosa.com.ar\/?p=49523","title":{"rendered":"P\u00e9rez anticip\u00f3 que Defensa al Consumidor fiscalizar\u00e1 los Precios Cuidados en la construcci\u00f3n"},"content":{"rendered":"\n<p>A partir del anuncio del presidente de la Naci\u00f3n, Alberto Fern\u00e1ndez, sobre la incorporaci\u00f3n de los materiales de construcci\u00f3n al programa Precios Cuidados, el funcionario a cargo de la Subsecretar\u00eda de Defensa al Consumidor, Edgar P\u00e9rez, dialog\u00f3 con AGENFOR acerca de la implementaci\u00f3n del mismo en la provincia.<\/p>\n\n\n\n<p>El funcionario provincial remarc\u00f3 la decisi\u00f3n del Gobierno nacional de apuntalar con esta intervenci\u00f3n en el mercado a la fijaci\u00f3n de precios de referencia en un rubro que se reactiv\u00f3 a\u00fan en plena pandemia, y que \u201cha ido mejorando los \u00edndices de construcci\u00f3n pero que en paralelo se generaron aumentos de precios que afectaron a este rubro\u201d.<\/p>\n\n\n\n<p>En ese marco, Edgar P\u00e9rez sostuvo que \u201clo importante es la intervenci\u00f3n del Estado\u201d y que desde la Secretar\u00eda de Comercio est\u00e1n elaborando como ser\u00e1 la modalidad, porque \u201csi bien se definieron los trazos gruesos del programa, todav\u00eda no est\u00e1 definido el canal de comercializaci\u00f3n\u201d.<\/p>\n\n\n\n<p>Lo que s\u00ed se dio a conocer es que el acuerdo abarca a 91 productos de 17 rubros distintos, tanto de obra gruesa como de terminaci\u00f3n, cuyos precios ser\u00e1n un 5% m\u00e1s bajos que los actuales seg\u00fan la previsi\u00f3n oficial.<\/p>\n\n\n\n<p>Algunas categor\u00edas son: aberturas, pinturas, arena, cal, placas de cemento y de yeso, productos de aislaci\u00f3n e impermeabilizaci\u00f3n, cer\u00e1micos, art\u00edculos de electricidad, iluminaci\u00f3n, chapas, sanitarios y ladrillos, entre otros.<\/p>\n\n\n\n<p>\u201cEstamos expectantes c\u00f3mo se va a hacer en Formosa, una vez definido tendremos mejores precisiones para trabajar\u201d, manifest\u00f3.<\/p>\n\n\n\n<p>En ese sentido, anticip\u00f3 que al igual que en otros rubros donde el Gobierno defini\u00f3 precios de referencia, \u201cestaremos trabajando en la fiscalizaci\u00f3n y control de toda la provincia\u201d.<\/p>\n\n\n\n<p>\u201cNosotros tenemos la tarea de hacer cumplir en Formosa las pol\u00edticas nacionales respecto a precios, tanto en rubos de alimentos como el que se espera ahora, de construcci\u00f3n\u201d, record\u00f3.<\/p>\n\n\n\n<p>Y concluy\u00f3: \u201cEl anuncio desde ya pone en marcha un mecanismo que afecta a la cadena de comercializaci\u00f3n, pero la se\u00f1al ya fue dada al mercado de comercializaci\u00f3n y Formosa seguramente no estar\u00e1 ajena\u201d.<\/p>\n","protected":false},"excerpt":{"rendered":"<p>A partir del anuncio del presidente de la Naci\u00f3n, Alberto Fern\u00e1ndez, sobre la incorporaci\u00f3n de los materiales de construcci\u00f3n al programa Precios Cuidados, el funcionario a cargo de la Subsecretar\u00eda de Defensa al Consumidor, Edgar P\u00e9rez, dialog\u00f3 con AGENFOR acerca de la implementaci\u00f3n del mismo en la provincia. El funcionario provincial remarc\u00f3 la decisi\u00f3n del [&hellip;]<\/p>\n","protected":false},"author":11,"featured_media":49530,"comment_status":"closed","ping_status":"closed","sticky":false,"template":"","format":"standard","meta":{"footnotes":""},"categories":[21],"tags":[],"class_list":["post-49523","post","type-post","status-publish","format-standard","has-post-thumbnail","hentry","category-provinciales"],"_links":{"self":[{"href":"http:\/\/informeformosa.com.ar\/index.php?rest_route=\/wp\/v2\/posts\/49523","targetHints":{"allow":["GET"]}}],"collection":[{"href":"http:\/\/informeformosa.com.ar\/index.php?rest_route=\/wp\/v2\/posts"}],"about":[{"href":"http:\/\/informeformosa.com.ar\/index.php?rest_route=\/wp\/v2\/types\/post"}],"author":[{"embeddable":true,"href":"http:\/\/informeformosa.com.ar\/index.php?rest_route=\/wp\/v2\/users\/11"}],"replies":[{"embeddable":true,"href":"http:\/\/informeformosa.com.ar\/index.php?rest_route=%2Fwp%2Fv2%2Fcomments&post=49523"}],"version-history":[{"count":1,"href":"http:\/\/informeformosa.com.ar\/index.php?rest_route=\/wp\/v2\/posts\/49523\/revisions"}],"predecessor-version":[{"id":49531,"href":"http:\/\/informeformosa.com.ar\/index.php?rest_route=\/wp\/v2\/posts\/49523\/revisions\/49531"}],"wp:featuredmedia":[{"embeddable":true,"href":"http:\/\/informeformosa.com.ar\/index.php?rest_route=\/wp\/v2\/media\/49530"}],"wp:attachment":[{"href":"http:\/\/informeformosa.com.ar\/index.php?rest_route=%2Fwp%2Fv2%2Fmedia&parent=49523"}],"wp:term":[{"taxonomy":"category","embeddable":true,"href":"http:\/\/informeformosa.com.ar\/index.php?rest_route=%2Fwp%2Fv2%2Fcategories&post=49523"},{"taxonomy":"post_tag","embeddable":true,"href":"http:\/\/informeformosa.com.ar\/index.php?rest_route=%2Fwp%2Fv2%2Ftags&post=49523"}],"curies":[{"name":"wp","href":"https:\/\/api.w.org\/{rel}","templated":true}]}}