{"id":49522,"date":"2020-09-15T21:15:53","date_gmt":"2020-09-16T00:15:53","guid":{"rendered":"http:\/\/informeformosa.com.ar\/?p=49522"},"modified":"2020-09-15T21:15:57","modified_gmt":"2020-09-16T00:15:57","slug":"vizcaino-sostuvo-que-en-la-rinconada-hay-una-respuesta-positiva-a-las-medidas-sanitarias","status":"publish","type":"post","link":"http:\/\/informeformosa.com.ar\/?p=49522","title":{"rendered":"Vizca\u00edno sostuvo que en La Rinconada hay una respuesta positiva a las medidas sanitarias"},"content":{"rendered":"\n<p>El Consejo de Atenci\u00f3n Integral de la Emergencia COVID-19 decidi\u00f3 mantener el bloqueo sanitario de la zona Noroeste del departamento Bermejo, a los fines de continuar la investigaci\u00f3n epidemiol\u00f3gica en la zona para minimizar las posibilidades de contagios.<\/p>\n\n\n\n<p>Al respecto, el diputado provincial, Roberto Vizca\u00edno, sostuvo que \u201cla gente respondi\u00f3 de manera positiva\u201d a las medidas. Si bien admiti\u00f3 que en un primer momento al conocerse el primer caso positivo en La Rinconada \u2013el pasado 11 de septiembre- \u201cla comunidad estuvo conmocionada, luego eso se fue revirtiendo\u201d.<\/p>\n\n\n\n<p>El legislador justicialista es una persona que conoce de cerca la regi\u00f3n Noroeste del territorio formose\u00f1o ya que desde hace a\u00f1os trabaja en El Potrillo. Por ello, en contacto con AGENFOR, brind\u00f3 su testimonio acerca de c\u00f3mo ha sido la reacci\u00f3n de las comunidades del departamento Bermejo tras los casos positivos reportados.<\/p>\n\n\n\n<p>En ese sentido, lo primero que aclar\u00f3 fue que la empresa donde se reportaron los contagios se encuentra retirada del n\u00facleo poblacional de La Rinconada, y que se arm\u00f3 el obrador el 2 de septiembre, lo que significa que no llevaba muchos d\u00edas en la zona hasta que se conoci\u00f3 el primer caso positivo.<\/p>\n\n\n\n<p>Al mismo tiempo, diferenci\u00f3 sobre las formas de convivencia de las comunidades: \u201cLas originarias son m\u00e1s de aglutinarse en el lugar, en cambio la criolla es m\u00e1s dispersa\u201d y luego se refiri\u00f3 a la reacci\u00f3n de la poblaci\u00f3n.<\/p>\n\n\n\n<p>En este sentido, admiti\u00f3 que en un primer momento hab\u00eda preocupaci\u00f3n en cuanto a c\u00f3mo iba a afrontar la comunidad la situaci\u00f3n, pero manifest\u00f3 que \u201csi bien estuvo conmocionada, a medida que se fueron clarificando las cosas por parte de los equipos de salud del Ministerio de Desarrollo Humano, eso se fue revirtiendo\u201d.<\/p>\n\n\n\n<p>Inclusive, se mostr\u00f3 sorprendido por el hecho de que la gente \u201ccomprendi\u00f3 lo que estaba pasando, lo cual facilit\u00f3 el trabajo en la b\u00fasqueda activa de eventuales nuevos casos de coronavirus\u201d. Sobre estas acciones, resalt\u00f3 que la comunidad aport\u00f3 informaci\u00f3n para la investigaci\u00f3n epidemiol\u00f3gica y \u201csin crear ning\u00fan tipo de conflicto\u201d.<\/p>\n\n\n\n<p>Asimismo, indic\u00f3 que la medida de mantener el bloqueo en el Noroeste del departamento Bermejo, al igual que en Clorinda, por parte del Consejo de Atenci\u00f3n Integral de la Emergencia COVID-19, \u201ctuvo una respuesta positiva de la gente\u201d, marcando que no es casualidad sino que responde a que \u201chay una pol\u00edtica sanitaria por parte del Gobierno provincial que le brinda respuestas dentro del Modelo Formose\u00f1o\u201d.<\/p>\n\n\n\n<p><strong>Alto riesgo<\/strong><\/p>\n\n\n\n<p>Por otro lado, el legislador provincial expres\u00f3 su preocupaci\u00f3n por lo que sucede en la provincia de Salta como en la Rep\u00fablica del Paraguay,&nbsp; ante la situaci\u00f3n cr\u00edtica por la pandemia de coronavirus. Al respecto, se\u00f1al\u00f3: \u201cEstamos preocupados por lo que sucede en Salta, especialmente la zona desde la RN N\u00ba 81, despu\u00e9s lo que es la localidad de El Chorro, Mar\u00eda Cristina, Santa Teresa\u201d, en el departamento Ram\u00f3n Lista.<\/p>\n\n\n\n<p>No obstante, apunt\u00f3 que en la localidad salte\u00f1a de Santa Victoria, -cercana a Tartagal-, se decidi\u00f3 no permitir el ingreso de formose\u00f1os, \u201clo cual es una medida que nos favorece\u201d, opin\u00f3, teniendo en cuenta que en Salta existe circulaci\u00f3n comunitaria del virus COVID-19.<\/p>\n\n\n\n<p>En tanto, \u201cel \u00e1rea de La Rinconada y Vaca Perdida es tambi\u00e9n un paso con Paraguay, donde tenemos la frontera y hay movilidad, sobre todo porque el r\u00edo Pilcomayo est\u00e1 muy bajo en esa zona, que se ubica entre los 50 a 60 cm\u201d, ahond\u00f3 el diputado, haciendo notar el riesgo que existe en la regi\u00f3n Noroeste en la zonas lim\u00edtrofes a la provincia.<\/p>\n","protected":false},"excerpt":{"rendered":"<p>El Consejo de Atenci\u00f3n Integral de la Emergencia COVID-19 decidi\u00f3 mantener el bloqueo sanitario de la zona Noroeste del departamento Bermejo, a los fines de continuar la investigaci\u00f3n epidemiol\u00f3gica en la zona para minimizar las posibilidades de contagios. Al respecto, el diputado provincial, Roberto Vizca\u00edno, sostuvo que \u201cla gente respondi\u00f3 de manera positiva\u201d a las [&hellip;]<\/p>\n","protected":false},"author":11,"featured_media":49528,"comment_status":"closed","ping_status":"closed","sticky":false,"template":"","format":"standard","meta":{"footnotes":""},"categories":[12],"tags":[],"class_list":["post-49522","post","type-post","status-publish","format-standard","has-post-thumbnail","hentry","category-salud"],"_links":{"self":[{"href":"http:\/\/informeformosa.com.ar\/index.php?rest_route=\/wp\/v2\/posts\/49522","targetHints":{"allow":["GET"]}}],"collection":[{"href":"http:\/\/informeformosa.com.ar\/index.php?rest_route=\/wp\/v2\/posts"}],"about":[{"href":"http:\/\/informeformosa.com.ar\/index.php?rest_route=\/wp\/v2\/types\/post"}],"author":[{"embeddable":true,"href":"http:\/\/informeformosa.com.ar\/index.php?rest_route=\/wp\/v2\/users\/11"}],"replies":[{"embeddable":true,"href":"http:\/\/informeformosa.com.ar\/index.php?rest_route=%2Fwp%2Fv2%2Fcomments&post=49522"}],"version-history":[{"count":1,"href":"http:\/\/informeformosa.com.ar\/index.php?rest_route=\/wp\/v2\/posts\/49522\/revisions"}],"predecessor-version":[{"id":49529,"href":"http:\/\/informeformosa.com.ar\/index.php?rest_route=\/wp\/v2\/posts\/49522\/revisions\/49529"}],"wp:featuredmedia":[{"embeddable":true,"href":"http:\/\/informeformosa.com.ar\/index.php?rest_route=\/wp\/v2\/media\/49528"}],"wp:attachment":[{"href":"http:\/\/informeformosa.com.ar\/index.php?rest_route=%2Fwp%2Fv2%2Fmedia&parent=49522"}],"wp:term":[{"taxonomy":"category","embeddable":true,"href":"http:\/\/informeformosa.com.ar\/index.php?rest_route=%2Fwp%2Fv2%2Fcategories&post=49522"},{"taxonomy":"post_tag","embeddable":true,"href":"http:\/\/informeformosa.com.ar\/index.php?rest_route=%2Fwp%2Fv2%2Ftags&post=49522"}],"curies":[{"name":"wp","href":"https:\/\/api.w.org\/{rel}","templated":true}]}}