{"id":49521,"date":"2020-09-15T21:14:51","date_gmt":"2020-09-16T00:14:51","guid":{"rendered":"http:\/\/informeformosa.com.ar\/?p=49521"},"modified":"2020-09-15T21:14:54","modified_gmt":"2020-09-16T00:14:54","slug":"instan-a-la-comunidad-a-consolidar-los-lazos-de-solidaridad-y-compromiso-con-el-estado-nacional-y-provincial","status":"publish","type":"post","link":"http:\/\/informeformosa.com.ar\/?p=49521","title":{"rendered":"Instan a la comunidad a consolidar los lazos de  solidaridad y compromiso con el Estado nacional y provincial"},"content":{"rendered":"\n<p>La delegaci\u00f3n Formosa de la Confederaci\u00f3n General del Trabajo de la Argentina manifest\u00f3 susu apoyo al presidente Alberto Fern\u00e1ndez y al gobernador Gildo Insfr\u00e1n ante quienes \u201cprocuran instalar una situaci\u00f3n de inestabilidad institucional\u201d.&nbsp;<\/p>\n\n\n\n<p>En di\u00e1logo con AGENFOR, los dirigentes Isabelino Idoyaga, Hilario Mart\u00ednez y Hugo Jara advirtieron que los hechos recientes, de dominio p\u00fablico en el orden nacional que tuvieron r\u00e9plicas en el \u00e1mbito provincial\u201cmediante acciones medi\u00e1ticas de personeros del macrismo residual\u201d, hacen quelos militantes del campo nacional y popular brinden una respuesta para as\u00ed esclarecer losobjetivos de quienes \u201cbajo falsas consignas, procuran instalar un situaci\u00f3n de inestabilidad institucional\u201d.<\/p>\n\n\n\n<p>En este marco, los dirigentes pusieron en resalto la madurez pol\u00edtica de la mayor\u00eda del pueblo Argentino, la cual constituye el pilar fundamental para el sostenimiento de las instituciones de la Rep\u00fablica, sin embargo, resaltaron que se debe permanecer en estado de alerta ante las operaciones que impulsan los que \u201cluego de cuatro a\u00f1os de gobierno neoliberal y con pol\u00edticas que profundizaron la pobreza, constituyeron el mayor endeudamiento externo, condicionando as\u00ed el futuro de generaciones de argentinos y argentinas\u201d.<\/p>\n\n\n\n<p>Asimismo, se\u00f1alaron que esta \u201cdesobediencia civil\u201dest\u00e1 ligada a medios hegem\u00f3nicos de prensa y comunicaci\u00f3n, que fomentan los cuestionamientos a las pol\u00edticas de contenci\u00f3n sanitaria que realiza el Estado, en medio de la pandemia de coronavirus.<\/p>\n\n\n\n<p>Se remarc\u00f3 que, \u201cirrumpen con hechos que rozan actos que pueden calificarse de sedici\u00f3n, si se tiene en cuenta la gravedad de las acciones y efectos colaterales que pudieran surgir\u201d.<\/p>\n\n\n\n<p>\u201cExiste plena convicci\u00f3n en el seno del Movimiento Obrero Organizado y la gran mayor\u00eda del Pueblo Argentino, que las medidas adoptadas por el Gobierno Nacional, por el presidente Alberto Fern\u00e1ndez, tanto para resguardar la salud y la cobertura econ\u00f3mica-social durante la emergencia, constituyen las m\u00e1s positivas y adecuadas en estas instancias de pandemia en que se halla el mundo entero por efectos del COVID-19\u201d, subrayaron.<\/p>\n\n\n\n<p>Y en este orden, hicieron hincapi\u00e9 en que Formosa y su sistema ordenado de Salud son un ejemplo en el pa\u00eds, \u201cresaltamos las medidas que en forma coincidente y ejecutiva adopt\u00f3, en el \u00e1mbito de nuestra Provincia, el gobernador Gildo Insfr\u00e1n, mediante la creaci\u00f3n del Consejo de Atenci\u00f3n Integral a la Emergencia COVID-19, que tiene sustento en la estructura del sistema de salud p\u00fablica provincial, posibilitando as\u00ed que en el desarrollo de la pandemia Formosa sea uno de los distritos sin fallecidos hasta el momento y sin existencia a\u00fan de circulaci\u00f3n viral comunitaria\u201d.<\/p>\n\n\n\n<p>\u201cTodo ello demuestra lo acertado de las pol\u00edticas p\u00fablicas sanitarias del Modelo Formose\u00f1o y tambi\u00e9n la relaci\u00f3n estrecha entre el pueblo y el gobierno\u201d, continuaron.<\/p>\n\n\n\n<p>Manifestaron adem\u00e1s que la ejecuci\u00f3n importantes acciones de salud p\u00fablica, fueron posible gracias a la infraestructura que posee el sistema sanitario de Formosa, el cual permite no solo atender los casos existentes hasta el momento, sino tambi\u00e9n posibles nuevos casos.<\/p>\n\n\n\n<p>Sobre el final, resaltaron los dirigentes que \u201cante esta realidad que nos llama a reinventar la vida de cada momento, de cada hora, de cada relaci\u00f3n y de alguna manera uno a uno, todo el mundo, en cada uno de estos momentos, tristes y dif\u00edciles, desde la CGT, Delegaci\u00f3n Regional Formosa, hacemos un fuerte llamado a los formose\u00f1os y formose\u00f1as a la reafirmaci\u00f3n de los lazos de solidaridad, compromiso y protagonismo responsable en apoyo al Presidente de la Naci\u00f3n, el Dr. Alberto Fern\u00e1ndez y en la provincia de Formosa, al gobernador, Dr. Gildo Insfr\u00e1n, y as\u00ed fortalecer las pol\u00edticas p\u00fablicas, de salud, econ\u00f3mica y social que permitan consolidar un horizonte de futuro para todos y todas\u201d.<\/p>\n","protected":false},"excerpt":{"rendered":"<p>La delegaci\u00f3n Formosa de la Confederaci\u00f3n General del Trabajo de la Argentina manifest\u00f3 susu apoyo al presidente Alberto Fern\u00e1ndez y al gobernador Gildo Insfr\u00e1n ante quienes \u201cprocuran instalar una situaci\u00f3n de inestabilidad institucional\u201d.&nbsp; En di\u00e1logo con AGENFOR, los dirigentes Isabelino Idoyaga, Hilario Mart\u00ednez y Hugo Jara advirtieron que los hechos recientes, de dominio p\u00fablico en [&hellip;]<\/p>\n","protected":false},"author":11,"featured_media":49526,"comment_status":"closed","ping_status":"closed","sticky":false,"template":"","format":"standard","meta":{"footnotes":""},"categories":[2],"tags":[],"class_list":["post-49521","post","type-post","status-publish","format-standard","has-post-thumbnail","hentry","category-locales"],"_links":{"self":[{"href":"http:\/\/informeformosa.com.ar\/index.php?rest_route=\/wp\/v2\/posts\/49521","targetHints":{"allow":["GET"]}}],"collection":[{"href":"http:\/\/informeformosa.com.ar\/index.php?rest_route=\/wp\/v2\/posts"}],"about":[{"href":"http:\/\/informeformosa.com.ar\/index.php?rest_route=\/wp\/v2\/types\/post"}],"author":[{"embeddable":true,"href":"http:\/\/informeformosa.com.ar\/index.php?rest_route=\/wp\/v2\/users\/11"}],"replies":[{"embeddable":true,"href":"http:\/\/informeformosa.com.ar\/index.php?rest_route=%2Fwp%2Fv2%2Fcomments&post=49521"}],"version-history":[{"count":1,"href":"http:\/\/informeformosa.com.ar\/index.php?rest_route=\/wp\/v2\/posts\/49521\/revisions"}],"predecessor-version":[{"id":49527,"href":"http:\/\/informeformosa.com.ar\/index.php?rest_route=\/wp\/v2\/posts\/49521\/revisions\/49527"}],"wp:featuredmedia":[{"embeddable":true,"href":"http:\/\/informeformosa.com.ar\/index.php?rest_route=\/wp\/v2\/media\/49526"}],"wp:attachment":[{"href":"http:\/\/informeformosa.com.ar\/index.php?rest_route=%2Fwp%2Fv2%2Fmedia&parent=49521"}],"wp:term":[{"taxonomy":"category","embeddable":true,"href":"http:\/\/informeformosa.com.ar\/index.php?rest_route=%2Fwp%2Fv2%2Fcategories&post=49521"},{"taxonomy":"post_tag","embeddable":true,"href":"http:\/\/informeformosa.com.ar\/index.php?rest_route=%2Fwp%2Fv2%2Ftags&post=49521"}],"curies":[{"name":"wp","href":"https:\/\/api.w.org\/{rel}","templated":true}]}}