{"id":49508,"date":"2020-09-14T12:16:13","date_gmt":"2020-09-14T15:16:13","guid":{"rendered":"http:\/\/informeformosa.com.ar\/?p=49508"},"modified":"2020-09-15T00:19:10","modified_gmt":"2020-09-15T03:19:10","slug":"el-vicegobernador-eber-solis-entrego-netbooks-y-tablet-a-estudiantes","status":"publish","type":"post","link":"http:\/\/informeformosa.com.ar\/?p=49508","title":{"rendered":"El vicegobernador Eber Sol\u00eds entreg\u00f3 netbooks y tablet a estudiantes"},"content":{"rendered":"\n<p>En declaraciones a AGENFOR, Elizabeth Esp\u00edndola, encargada de la sede del Centro Participativo del Instituto Provincial de la Vivienda (IPV) en el barrio Guadalupe, brind\u00f3 detalles acerca del proceso de relocalizaci\u00f3n de las m\u00e1s de veinte familias que habitaban los espacios p\u00fablicos del barrio.<\/p>\n\n\n\n<p>\u201cSe encontraban en los espacios p\u00fablicos, ven\u00edan haciendo avances a continuidad de lo que era la estructura original, porque los padres viv\u00edan en esos lugares y a lo largo de estos a\u00f1os los hijos fueron construyendo permanentemente\u201d, explic\u00f3.<\/p>\n\n\n\n<p>Dichas familias fueron trasladadas a viviendas del IPV y a\u00fan hay entre cinco y ocho que esperan resolver su situaci\u00f3n habitacional.<\/p>\n\n\n\n<p>\u201cContinuamos trabajando, \u00e9ste es un plan integral, estamos haciendo los relevamientos en los distintos sectores del barrio para llevarle una soluci\u00f3n habitacional a las distintas familias que se encuentran en los espacios p\u00fablicos\u201d, anticip\u00f3 Esp\u00edndola.<\/p>\n\n\n\n<p><strong>Guadalupe Florece<\/strong><\/p>\n\n\n\n<p>Por su parte, el arquitecto Federico Dalla Costa, integrante del programa Guadalupe Florece, charl\u00f3 con AGENFOR respecto a los avances de las obras en el barrio.<\/p>\n\n\n\n<p>\u201cSeguimos trabajando en la recuperaci\u00f3n de los n\u00facleos de escalera, ya estamos en los ochos n\u00facleos en su etapa de culminaci\u00f3n y continuamos con una segunda etapa, se est\u00e1 trabajando en otra de las manzanas para dispersarnos en las tres mega manzanas que tiene el barrio\u201d, detall\u00f3.<\/p>\n\n\n\n<p>Y agreg\u00f3: \u201cTambi\u00e9n estamos en la etapa de culminaci\u00f3n de la intervenci\u00f3n entre las avenidas N\u00e9stor Kirchner y Ant\u00e1rtida Argentina y pensando en lo que ser\u00eda la extensi\u00f3n de esta obra\u201d.<\/p>\n\n\n\n<p>En ese marco, coment\u00f3 que est\u00e1n realizando relevamientos para la segunda etapa; y reiter\u00f3 el \u201c\u00e9xito\u201d que fue la relocalizaci\u00f3n de las familias que ocupaban el espacio p\u00fablico.<\/p>\n\n\n\n<p>\u201cSi hacen una recorrida por el barrio ver\u00e1n que hay demoliciones realizadas porque cada vez que se relocaliz\u00f3 a una familia, hemos procedido a la demolici\u00f3n de la vivienda\u201d, sostuvo.<\/p>\n\n\n\n<p>Y anticip\u00f3: \u201cLa recuperaci\u00f3n del espacio est\u00e1 planificada como una zona de esparcimiento y el reordenamiento de los estacionamientos, que es otra etapa\u201d.<\/p>\n","protected":false},"excerpt":{"rendered":"<p>En declaraciones a AGENFOR, Elizabeth Esp\u00edndola, encargada de la sede del Centro Participativo del Instituto Provincial de la Vivienda (IPV) en el barrio Guadalupe, brind\u00f3 detalles acerca del proceso de relocalizaci\u00f3n de las m\u00e1s de veinte familias que habitaban los espacios p\u00fablicos del barrio. \u201cSe encontraban en los espacios p\u00fablicos, ven\u00edan haciendo avances a continuidad [&hellip;]<\/p>\n","protected":false},"author":11,"featured_media":49518,"comment_status":"closed","ping_status":"closed","sticky":false,"template":"","format":"standard","meta":{"footnotes":""},"categories":[4],"tags":[],"class_list":["post-49508","post","type-post","status-publish","format-standard","has-post-thumbnail","hentry","category-educacion"],"_links":{"self":[{"href":"http:\/\/informeformosa.com.ar\/index.php?rest_route=\/wp\/v2\/posts\/49508","targetHints":{"allow":["GET"]}}],"collection":[{"href":"http:\/\/informeformosa.com.ar\/index.php?rest_route=\/wp\/v2\/posts"}],"about":[{"href":"http:\/\/informeformosa.com.ar\/index.php?rest_route=\/wp\/v2\/types\/post"}],"author":[{"embeddable":true,"href":"http:\/\/informeformosa.com.ar\/index.php?rest_route=\/wp\/v2\/users\/11"}],"replies":[{"embeddable":true,"href":"http:\/\/informeformosa.com.ar\/index.php?rest_route=%2Fwp%2Fv2%2Fcomments&post=49508"}],"version-history":[{"count":1,"href":"http:\/\/informeformosa.com.ar\/index.php?rest_route=\/wp\/v2\/posts\/49508\/revisions"}],"predecessor-version":[{"id":49519,"href":"http:\/\/informeformosa.com.ar\/index.php?rest_route=\/wp\/v2\/posts\/49508\/revisions\/49519"}],"wp:featuredmedia":[{"embeddable":true,"href":"http:\/\/informeformosa.com.ar\/index.php?rest_route=\/wp\/v2\/media\/49518"}],"wp:attachment":[{"href":"http:\/\/informeformosa.com.ar\/index.php?rest_route=%2Fwp%2Fv2%2Fmedia&parent=49508"}],"wp:term":[{"taxonomy":"category","embeddable":true,"href":"http:\/\/informeformosa.com.ar\/index.php?rest_route=%2Fwp%2Fv2%2Fcategories&post=49508"},{"taxonomy":"post_tag","embeddable":true,"href":"http:\/\/informeformosa.com.ar\/index.php?rest_route=%2Fwp%2Fv2%2Ftags&post=49508"}],"curies":[{"name":"wp","href":"https:\/\/api.w.org\/{rel}","templated":true}]}}