{"id":49507,"date":"2020-09-14T12:11:23","date_gmt":"2020-09-14T15:11:23","guid":{"rendered":"http:\/\/informeformosa.com.ar\/?p=49507"},"modified":"2020-09-15T00:31:28","modified_gmt":"2020-09-15T03:31:28","slug":"uno-siente-el-orgullo-de-ser-paippero-el-testimonio-de-uno-de-los-miles-de-beneficiarios","status":"publish","type":"post","link":"http:\/\/informeformosa.com.ar\/?p=49507","title":{"rendered":"\u201cUno siente el orgullo de ser paippero\u201d, el testimonio de uno de los miles de beneficiarios"},"content":{"rendered":"\n<p>Gerardo Ben\u00edtez es oriundo de Colonia La Primavera, una comunidad aborigen ubicada a 130 kil\u00f3metros de la ciudad capital y trabaja como productor paippero en Colonia Santa Helena, en Siete Palmas, a 10 kil\u00f3metros de la ruta 2 que va de Laguna Blanca a Riacho He H\u00e9.<\/p>\n\n\n\n<p>Desde su chacra, dialog\u00f3 con AGENFOR y reflexion\u00f3 acerca de las profundas transformaciones que gener\u00f3 el Programa de Asistencia Integral para el Peque\u00f1o Productor Agropecuario (PAIPPA) en la vida de los peque\u00f1os productores.<\/p>\n\n\n\n<p>\u201cUno siente el orgullo de ser paippero, por el orgullo que lleva dentro de la sangre de trabajar la tierra. Alguna vez nuestro se\u00f1or Jesucristo en su ense\u00f1anza nos dec\u00eda: \u201cAquel que llene el granero jam\u00e1s pasar\u00e1 hambre\u201d. Los productores estamos acostumbrados a producir, a tener nuestras reservas, mantenernos de ella\u201d, testimoni\u00f3.<\/p>\n\n\n\n<p>En ese marco, Ben\u00edtez record\u00f3 aquel 15 de septiembre de 1996, cuando el gobernador Gildo Insfr\u00e1n cre\u00f3 el PAIPPA en un escenario sociopol\u00edtico desfavorable para la producci\u00f3n, sembr\u00f3 una semilla de fe y esperanza.<\/p>\n\n\n\n<p>\u201cDesde aquel 1996 en que se cre\u00f3 el PAIPPA hasta hoy, podr\u00eda resumir diciendo que cambi\u00f3 mucho el esquema de vida, de trabajo, que es lo interesante, de los peque\u00f1os productores\u201d, destac\u00f3 Gerardo Ben\u00edtez.<\/p>\n\n\n\n<p>Adem\u00e1s, el trabajador ponder\u00f3 la decisi\u00f3n pol\u00edtica del gobernador Insfr\u00e1n de llevar a cabo este programa revolucionario para ese sector. \u201cEste gobernador al que mucho lo elogiamos y queremos en la Provincia, vino a hacer un giro de 180 grados, cambi\u00f3 much\u00edsimo en materia de producci\u00f3n, educaci\u00f3n, salud, cre\u00f3 m\u00e1s de mil escuelas, muchos puestos de vigilancia, hospitales, centros de salud\u201d, expres\u00f3.<\/p>\n\n\n\n<p>Y continu\u00f3: \u201cNo solo apoy\u00f3 la producci\u00f3n del campo, tanto la ganader\u00eda como la agricultura, sino que tambi\u00e9n enfoc\u00f3 su gesti\u00f3n a todos los \u00e1mbitos que interact\u00faan entre s\u00ed\u201d.<\/p>\n\n\n\n<p>En ese contexto, Gerardo Ben\u00edtez record\u00f3 que, en sus principios, el programa prove\u00eda una caja de mercader\u00eda al mes, la asistencia de profesionales ingenieros y agr\u00f3nomos, y la cobertura de salud con un carnet para retirar medicamentos; pero que con el tiempo \u201cfuimos entendiendo cu\u00e1l era el rumbo de la pol\u00edtica\u201d.<\/p>\n\n\n\n<p>\u201cEl Gobernador cambi\u00f3 la matriz productiva de Formosa, porque en aquel entonces, se sembraba el algod\u00f3n, se pasaba bien tres meses y hab\u00eda que luchar los meses restantes hasta volver a llegar a la campa\u00f1a del a\u00f1o pr\u00f3ximo\u201d, argument\u00f3.<\/p>\n\n\n\n<p>Y asever\u00f3 que actualmente produce \u201cde todo un poco\u201d, entre ma\u00edz amarillo, tomate, pimiento, repollo, lechuga, sand\u00eda, mel\u00f3n.<\/p>\n\n\n\n<p>Por \u00faltimo, el productor se refiri\u00f3 a la gesti\u00f3n del expresidente Mauricio Macri y dijo que \u201cno la pas\u00e1bamos bien\u201d como consecuencia de su modelo econ\u00f3mico, que catalog\u00f3 como \u201cperverso y dise\u00f1ado por el FMI\u201d.<\/p>\n\n\n\n<p>\u201c\u00bfQue hubiera sido de este pa\u00eds si el 10 de diciembre de 2019 un gobierno progresista, humanista y cristiano no hubiera vuelto a tomar las riendas?\u201d, se pregunt\u00f3 de manera ret\u00f3rica.<\/p>\n\n\n\n<p>El Programa de Asistencia Integral al Peque\u00f1o Productor Agropecuario fue creado mediante el decreto N\u00ba1107\/96, con la finalidad de lograr el autosostenimiento, la ocupaci\u00f3n y la autogesti\u00f3n productiva del peque\u00f1o productor y su familia, mediante un proceso de promoci\u00f3n social y desarrollo.<\/p>\n\n\n\n<p>Desde hace veintis\u00e9is a\u00f1os, el PAIPPA respalda a sus productores desde lo social, productivo y ambiental; con la posibilidad de la titularizaci\u00f3n de sus tierras, la construcci\u00f3n de viviendas, educaci\u00f3n, salud, provisi\u00f3n de insumos y capacitaci\u00f3n t\u00e9cnica.<\/p>\n\n\n\n<p>Dicho avance les posibilit\u00f3 a los paipperos la venta de sus productos en los principales mercados del pa\u00eds y la comercializaci\u00f3n a trav\u00e9s de las ferias francas de la provincia, generando un proceso de consolidaci\u00f3n.<\/p>\n","protected":false},"excerpt":{"rendered":"<p>Gerardo Ben\u00edtez es oriundo de Colonia La Primavera, una comunidad aborigen ubicada a 130 kil\u00f3metros de la ciudad capital y trabaja como productor paippero en Colonia Santa Helena, en Siete Palmas, a 10 kil\u00f3metros de la ruta 2 que va de Laguna Blanca a Riacho He H\u00e9. Desde su chacra, dialog\u00f3 con AGENFOR y reflexion\u00f3 [&hellip;]<\/p>\n","protected":false},"author":11,"featured_media":49514,"comment_status":"closed","ping_status":"closed","sticky":false,"template":"","format":"standard","meta":{"footnotes":""},"categories":[13],"tags":[],"class_list":["post-49507","post","type-post","status-publish","format-standard","has-post-thumbnail","hentry","category-produccion"],"_links":{"self":[{"href":"http:\/\/informeformosa.com.ar\/index.php?rest_route=\/wp\/v2\/posts\/49507","targetHints":{"allow":["GET"]}}],"collection":[{"href":"http:\/\/informeformosa.com.ar\/index.php?rest_route=\/wp\/v2\/posts"}],"about":[{"href":"http:\/\/informeformosa.com.ar\/index.php?rest_route=\/wp\/v2\/types\/post"}],"author":[{"embeddable":true,"href":"http:\/\/informeformosa.com.ar\/index.php?rest_route=\/wp\/v2\/users\/11"}],"replies":[{"embeddable":true,"href":"http:\/\/informeformosa.com.ar\/index.php?rest_route=%2Fwp%2Fv2%2Fcomments&post=49507"}],"version-history":[{"count":1,"href":"http:\/\/informeformosa.com.ar\/index.php?rest_route=\/wp\/v2\/posts\/49507\/revisions"}],"predecessor-version":[{"id":49515,"href":"http:\/\/informeformosa.com.ar\/index.php?rest_route=\/wp\/v2\/posts\/49507\/revisions\/49515"}],"wp:featuredmedia":[{"embeddable":true,"href":"http:\/\/informeformosa.com.ar\/index.php?rest_route=\/wp\/v2\/media\/49514"}],"wp:attachment":[{"href":"http:\/\/informeformosa.com.ar\/index.php?rest_route=%2Fwp%2Fv2%2Fmedia&parent=49507"}],"wp:term":[{"taxonomy":"category","embeddable":true,"href":"http:\/\/informeformosa.com.ar\/index.php?rest_route=%2Fwp%2Fv2%2Fcategories&post=49507"},{"taxonomy":"post_tag","embeddable":true,"href":"http:\/\/informeformosa.com.ar\/index.php?rest_route=%2Fwp%2Fv2%2Ftags&post=49507"}],"curies":[{"name":"wp","href":"https:\/\/api.w.org\/{rel}","templated":true}]}}