{"id":49496,"date":"2020-09-13T21:35:19","date_gmt":"2020-09-14T00:35:19","guid":{"rendered":"http:\/\/informeformosa.com.ar\/?p=49496"},"modified":"2020-09-14T09:37:09","modified_gmt":"2020-09-14T12:37:09","slug":"recordar-el-pasado-para-construir-un-futuro-para-todos-y-todas","status":"publish","type":"post","link":"http:\/\/informeformosa.com.ar\/?p=49496","title":{"rendered":"Recordar el pasado para construir un futuro para todos y todas"},"content":{"rendered":"\n<p>El presidente del Congreso Nacional del PJ y del Partido Justicialista, Distrito Formosa, Gildo Insfr\u00e1n, denunci\u00f3 que \u201cluego de romper el pa\u00eds, la econom\u00eda, las instituciones, la confianza del mundo en la Argentina y la de los argentinos en sus propios gobernantes, el expresidente Mauricio Macri decide ahora romper su silencio\u201d.<\/p>\n\n\n\n<p>\u201cSus declamaciones sobre la defensa de la Constituci\u00f3n, la divisi\u00f3n de poderes y el federalismo rayan el cinismo teniendo en cuenta lo vivido durante los cuatro a\u00f1os de su gobierno. El expresidente que llev\u00f3 adelante el endeudamiento r\u00e9cord de la Argentina sin pasar por el Congreso, ahora se muestra preocupado por su funcionamiento. Ahora decide alzar su voz en supuesta defensa de las instituciones, pero cuando ocurrieron hechos extorsivos contra la investidura presidencial d\u00edas atr\u00e1s, con agentes uniformados y armados en la Quinta de Olivos, el silencio de Macri fue atronador. La historia no pasar\u00e1 por alto esta actitud ominosa\u201d, subray\u00f3 el gobernador Gildo Insfr\u00e1n a trav\u00e9s de un comunicado.<\/p>\n\n\n\n<p>El mandatario provincial advirti\u00f3 que \u201cresulta llamativa su actual preocupaci\u00f3n por el federalismo, cuando su presidencia fue sin dudas la m\u00e1s unitaria que se recuerde. Reflejo de ello fue su decreto de 2016 que triplic\u00f3 unilateralmente la coparticipaci\u00f3n de la Ciudad Aut\u00f3noma de Buenos Aires, el distrito m\u00e1s rico del pa\u00eds, mientras recortaba fondos y paralizaba obras en el resto de las provincias, en particular en aquellas que m\u00e1s lo necesit\u00e1bamos\u201d.<\/p>\n\n\n\n<p>En este contexto, el titular del Congreso Nacional Justicialista afirm\u00f3: \u201cEl Sr. Macri violenta las medidas sanitarias que nos protegen a todos, no s\u00f3lo con su conducta personal sino tambi\u00e9n con sus irresponsables expresiones. Plantea el falso dilema entre la libertad individual y el cuidado de la salud p\u00fablica, ocultando su verdadero inter\u00e9s de clase que fue, es y seguir\u00e1 siendo siempre el resguardo de los privilegios econ\u00f3micos de una minor\u00eda. Este menosprecio a la vida y la salud de los argentinos es coherente con las pol\u00edticas que llev\u00f3 adelante como presidente en esta materia, degradando al entonces Ministerio de Salud a Secretar\u00eda, desfinanciando programas sanitarios, y dejando sin medicamentos y vacunas a millones de argentinos\u201d.<\/p>\n\n\n\n<p>\u201cTeniendo en cuenta la irresponsabilidad y cinismo en sus declaraciones, el Sr. Macri deber\u00eda utilizar otros mecanismos para recuperar la relevancia que pretende en su propio espacio pol\u00edtico. El fin, no justicia los medios\u201d, consign\u00f3 Gildo Insfr\u00e1n y se\u00f1al\u00f3 que \u201cdesde el Partido Justicialista Distrito Formosa, apoyamos firmemente todas las pol\u00edticas del actual gobierno nacional, que son respetuosas de la Constituci\u00f3n Nacional y de la institucionalidad de un pa\u00eds que vuelve a recuperarse de la ruinosa gesti\u00f3n del macrismo, retomando un federalismo que busca reducir desigualdades para una Argentina m\u00e1s justa, libre y soberana\u201d.<\/p>\n\n\n\n<p>\u201cEn especial \u2013manifest\u00f3 el titular del PEP- apoyamos todas las decisiones tomadas en el marco de la pandemia del COVID-19 que tienen como fin superior cuidar la vida y la salud de todos los argentinos y argentinas\u201d y resalt\u00f3 que \u201cse equivoca Macri al intentar profundizar la grieta que tantos beneficios le trajo, en momentos delicados en que los argentinos estamos luchando unidos frente a una pandemia que se lleva cientos de vidas diariamente y no da respiro ni pausa\u201d.<\/p>\n\n\n\n<p>Por \u00faltimo, el mandatario formose\u00f1o sentenci\u00f3: \u201cSe equivoca Macri si piensa que la expresi\u00f3n popular es una manifestaci\u00f3n cargada de discursos de odio. La verdadera expresi\u00f3n popular es siempre una expresi\u00f3n de amor, y hoy la encontramos en los hospitales, en los trabajadores de servicios esenciales, en el acompa\u00f1amiento a quienes m\u00e1s lo necesitan y, en definitiva, en cada argentino que hace su aporte para superar esta adversidad y poner nuevamente a la Argentina de pie\u201d.<\/p>\n","protected":false},"excerpt":{"rendered":"<p>El presidente del Congreso Nacional del PJ y del Partido Justicialista, Distrito Formosa, Gildo Insfr\u00e1n, denunci\u00f3 que \u201cluego de romper el pa\u00eds, la econom\u00eda, las instituciones, la confianza del mundo en la Argentina y la de los argentinos en sus propios gobernantes, el expresidente Mauricio Macri decide ahora romper su silencio\u201d. \u201cSus declamaciones sobre la [&hellip;]<\/p>\n","protected":false},"author":11,"featured_media":49497,"comment_status":"closed","ping_status":"closed","sticky":false,"template":"","format":"standard","meta":{"footnotes":""},"categories":[6],"tags":[],"class_list":["post-49496","post","type-post","status-publish","format-standard","has-post-thumbnail","hentry","category-nacionales"],"_links":{"self":[{"href":"http:\/\/informeformosa.com.ar\/index.php?rest_route=\/wp\/v2\/posts\/49496","targetHints":{"allow":["GET"]}}],"collection":[{"href":"http:\/\/informeformosa.com.ar\/index.php?rest_route=\/wp\/v2\/posts"}],"about":[{"href":"http:\/\/informeformosa.com.ar\/index.php?rest_route=\/wp\/v2\/types\/post"}],"author":[{"embeddable":true,"href":"http:\/\/informeformosa.com.ar\/index.php?rest_route=\/wp\/v2\/users\/11"}],"replies":[{"embeddable":true,"href":"http:\/\/informeformosa.com.ar\/index.php?rest_route=%2Fwp%2Fv2%2Fcomments&post=49496"}],"version-history":[{"count":1,"href":"http:\/\/informeformosa.com.ar\/index.php?rest_route=\/wp\/v2\/posts\/49496\/revisions"}],"predecessor-version":[{"id":49498,"href":"http:\/\/informeformosa.com.ar\/index.php?rest_route=\/wp\/v2\/posts\/49496\/revisions\/49498"}],"wp:featuredmedia":[{"embeddable":true,"href":"http:\/\/informeformosa.com.ar\/index.php?rest_route=\/wp\/v2\/media\/49497"}],"wp:attachment":[{"href":"http:\/\/informeformosa.com.ar\/index.php?rest_route=%2Fwp%2Fv2%2Fmedia&parent=49496"}],"wp:term":[{"taxonomy":"category","embeddable":true,"href":"http:\/\/informeformosa.com.ar\/index.php?rest_route=%2Fwp%2Fv2%2Fcategories&post=49496"},{"taxonomy":"post_tag","embeddable":true,"href":"http:\/\/informeformosa.com.ar\/index.php?rest_route=%2Fwp%2Fv2%2Ftags&post=49496"}],"curies":[{"name":"wp","href":"https:\/\/api.w.org\/{rel}","templated":true}]}}