{"id":49489,"date":"2020-09-12T23:57:52","date_gmt":"2020-09-13T02:57:52","guid":{"rendered":"http:\/\/informeformosa.com.ar\/?p=49489"},"modified":"2020-09-12T23:57:55","modified_gmt":"2020-09-13T02:57:55","slug":"en-pandemia-trabajadores-de-museos-continuan-capacitandose","status":"publish","type":"post","link":"http:\/\/informeformosa.com.ar\/?p=49489","title":{"rendered":"En pandemia, trabajadores de museos contin\u00faan capacit\u00e1ndose"},"content":{"rendered":"\n<p>El contexto de pandemia obliga a los trabajadores de museos a permanecer con las puertas de las instituciones cerradas, pero de todas formas contin\u00faan con capacitaciones, a nivel regional.<\/p>\n\n\n\n<p>Es as\u00ed que se realizan foros, de los que participa Formosa, seg\u00fan coment\u00f3 a&nbsp;<strong>AGENFOR&nbsp;<\/strong>la licenciada Graciela Buiatti, directora de Patrimonio Socio-Cultural de la provincia.<\/p>\n\n\n\n<p>Adem\u00e1s, el equipo de trabajo mantiene los edificios para evitar la humedad y la invasi\u00f3n de insectos.<\/p>\n\n\n\n<p>\u201cEn esta etapa diferente nos capacitamos, trabajamos con Misiones, Chaco y Corrientes, hicimos un foro que se llam\u00f3 los Museos desde Adentro, sobre la gesti\u00f3n de Museos de Ciencias Naturales\u201d, precis\u00f3.<\/p>\n\n\n\n<p>Se\u00f1al\u00f3 que se trabaj\u00f3 con el museo de Villa Escolar y adem\u00e1s, se abord\u00f3 el tema arqueolog\u00eda desde el sitio arqueol\u00f3gico de El Quebracho, a cargo del profesor Diego P\u00e1ez.<\/p>\n\n\n\n<p>Adelant\u00f3 que habr\u00e1 otros foros, para la restauraci\u00f3n de objetos y museos hist\u00f3ricos, entre ellos el Museo Hist\u00f3rico Regional \u00abJuan Pablo Duffard\u00bb, ubicado en pleno centro de la ciudad de Formosa, como tambi\u00e9n el ubicado en la localidad de Laguna Blanca.<\/p>\n\n\n\n<p>\u201cLa idea es trabajar no solo con las personas que est\u00e1n en las instituciones, sino con los Municipios y Comisiones de Fomento, ver de qu\u00e9 manera resguardar mejor el patrimonio que tienen\u201d, finaliz\u00f3.&nbsp;<\/p>\n","protected":false},"excerpt":{"rendered":"<p>El contexto de pandemia obliga a los trabajadores de museos a permanecer con las puertas de las instituciones cerradas, pero de todas formas contin\u00faan con capacitaciones, a nivel regional. Es as\u00ed que se realizan foros, de los que participa Formosa, seg\u00fan coment\u00f3 a&nbsp;AGENFOR&nbsp;la licenciada Graciela Buiatti, directora de Patrimonio Socio-Cultural de la provincia. Adem\u00e1s, el [&hellip;]<\/p>\n","protected":false},"author":11,"featured_media":49490,"comment_status":"closed","ping_status":"closed","sticky":false,"template":"","format":"standard","meta":{"footnotes":""},"categories":[2],"tags":[],"class_list":["post-49489","post","type-post","status-publish","format-standard","has-post-thumbnail","hentry","category-locales"],"_links":{"self":[{"href":"http:\/\/informeformosa.com.ar\/index.php?rest_route=\/wp\/v2\/posts\/49489","targetHints":{"allow":["GET"]}}],"collection":[{"href":"http:\/\/informeformosa.com.ar\/index.php?rest_route=\/wp\/v2\/posts"}],"about":[{"href":"http:\/\/informeformosa.com.ar\/index.php?rest_route=\/wp\/v2\/types\/post"}],"author":[{"embeddable":true,"href":"http:\/\/informeformosa.com.ar\/index.php?rest_route=\/wp\/v2\/users\/11"}],"replies":[{"embeddable":true,"href":"http:\/\/informeformosa.com.ar\/index.php?rest_route=%2Fwp%2Fv2%2Fcomments&post=49489"}],"version-history":[{"count":1,"href":"http:\/\/informeformosa.com.ar\/index.php?rest_route=\/wp\/v2\/posts\/49489\/revisions"}],"predecessor-version":[{"id":49491,"href":"http:\/\/informeformosa.com.ar\/index.php?rest_route=\/wp\/v2\/posts\/49489\/revisions\/49491"}],"wp:featuredmedia":[{"embeddable":true,"href":"http:\/\/informeformosa.com.ar\/index.php?rest_route=\/wp\/v2\/media\/49490"}],"wp:attachment":[{"href":"http:\/\/informeformosa.com.ar\/index.php?rest_route=%2Fwp%2Fv2%2Fmedia&parent=49489"}],"wp:term":[{"taxonomy":"category","embeddable":true,"href":"http:\/\/informeformosa.com.ar\/index.php?rest_route=%2Fwp%2Fv2%2Fcategories&post=49489"},{"taxonomy":"post_tag","embeddable":true,"href":"http:\/\/informeformosa.com.ar\/index.php?rest_route=%2Fwp%2Fv2%2Ftags&post=49489"}],"curies":[{"name":"wp","href":"https:\/\/api.w.org\/{rel}","templated":true}]}}