{"id":49480,"date":"2020-09-12T23:55:27","date_gmt":"2020-09-13T02:55:27","guid":{"rendered":"http:\/\/informeformosa.com.ar\/?p=49480"},"modified":"2020-09-12T23:55:29","modified_gmt":"2020-09-13T02:55:29","slug":"ambicioso-plan-de-manejo-hidrico-se-lleva-adelante-en-pirane","status":"publish","type":"post","link":"http:\/\/informeformosa.com.ar\/?p=49480","title":{"rendered":"Ambicioso plan de manejo h\u00eddrico se lleva adelante en Piran\u00e9"},"content":{"rendered":"\n<p>Luego de que el gobernador Gildo Insfr\u00e1n habilitara el canal de alimentaci\u00f3n de agua dulce del reservorio de la localidad, Piran\u00e9 avanza en un ambicioso plan de manejo del recurso h\u00eddrico que incluye la generaci\u00f3n de nuevas reservas y canales para la distribuci\u00f3n del vital l\u00edquido hacia zonas aleda\u00f1as.<\/p>\n\n\n\n<p>En declaraciones recogidas por&nbsp;<strong>AGENFOR<\/strong>, el intendente Mario Diakovsky enfatiz\u00f3 que \u201cse ha llenado el primer reservorio de 900 metros de largo y 400 de ancho y el otro ya supera la mitad de su capacidad. Adem\u00e1s, los que est\u00e1n en la entrada se llenaron de manera natural, ya que el canal que viene desde el Ba\u00f1ado La Estrella entra primeramente en las mismas\u201d.<\/p>\n\n\n\n<p>En ese sentido, mencion\u00f3 que \u201ccon maquinarias se est\u00e1 haciendo un nuevo reservorio y ampliando adem\u00e1s en metros de capacidad, lo que nos va a ayudar a que podamos tener una reserva de agua por un a\u00f1o\u201d.<\/p>\n\n\n\n<p>\u201cEs como dijo el se\u00f1or Gobernador al momento de habilitar el canal, creo que la mano de Dios tambi\u00e9n estuvo aqu\u00ed. Se le hab\u00eda pedido en oraci\u00f3n y mucha gente no crey\u00f3, porque qui\u00e9n iba a imaginar que el agua llegar\u00eda atravesando 600 kil\u00f3metros. Esto parec\u00eda que iba a ser imposible, pero hoy podemos ver que es una realidad\u201d, subray\u00f3 el jefe comunal, agradeciendo al primer mandatario y a su equipo, ya que \u201cplanificaron toda esta magn\u00edfica obra que sin impulso de motores trajo el agua a Piran\u00e9\u201d.<\/p>\n\n\n\n<p>Agreg\u00f3: \u201cNo es una cuesti\u00f3n menor que sin necesidad de motores el vital l\u00edquido llegara desde el Ba\u00f1ado La Estrella, lo cual habla de la capacidad t\u00e9cnica de nuestros profesionales, obreros y maquinistas, as\u00ed que a ellos tambi\u00e9n nuestro agradecimiento\u201d. &nbsp;<\/p>\n\n\n\n<p>Consultado sobre el impacto de la obra h\u00eddrica en la comunidad piranense, manifest\u00f3 que \u201cfue impresionante, ya que todos sab\u00edan la situaci\u00f3n en la que nos encontr\u00e1bamos con la sequ\u00eda. Est\u00e1bamos a punto de colapsar, el cansancio era impresionante, pr\u00e1cticamente no d\u00e1bamos m\u00e1s, as\u00ed que este l\u00edquido vital ha sido un b\u00e1lsamo para nuestra ciudad y todos los sectores, porque se est\u00e1 llevando a la colonia Pilag\u00e1, Montelindo, Loma El Quebranto, la zona de Gran Guardia, entre otros\u201d.<\/p>\n\n\n\n<p><strong>Proyecto<\/strong><\/p>\n\n\n\n<p>A su vez, Diakovsky brind\u00f3 detalles sobre el proyecto de aprovechamiento del reservorio donde se encuentra la toma de agua de los camiones de la Municipalidad.<\/p>\n\n\n\n<p>\u201cTenemos pensado hacer un lugar recreativo, por ende hay una cooperativa trabajando con el objetivo de hacer un camping que se llamar\u00e1 \u2018Esperanza\u2019 \u2013relat\u00f3-. Decidimos denominarlo as\u00ed porque queremos que sea un espacio bello donde la gente pueda venir a disfrutar en familia\u201d.<\/p>\n\n\n\n<p>Remarc\u00f3 que \u201chemos avanzado bastante. Por ejemplo, hemos efectuado un ingreso desde la ruta 3 para que la gente pueda acceder y en la represa tenemos pensado hacer paseos en bote. M\u00e1s adelante, proyectamos hacer cr\u00eda de peces para pesca y devoluci\u00f3n\u201d.<\/p>\n\n\n\n<p>\u201cEs un lugar donde se conjugan lo r\u00fastico y lo moderno, ya que colocamos luminarias led, un quincho y otras cuestiones en madera, que marca lo que verdaderamente somos los piranenses\u201d, finaliz\u00f3.&nbsp;<\/p>\n","protected":false},"excerpt":{"rendered":"<p>Luego de que el gobernador Gildo Insfr\u00e1n habilitara el canal de alimentaci\u00f3n de agua dulce del reservorio de la localidad, Piran\u00e9 avanza en un ambicioso plan de manejo del recurso h\u00eddrico que incluye la generaci\u00f3n de nuevas reservas y canales para la distribuci\u00f3n del vital l\u00edquido hacia zonas aleda\u00f1as. En declaraciones recogidas por&nbsp;AGENFOR, el intendente [&hellip;]<\/p>\n","protected":false},"author":11,"featured_media":49487,"comment_status":"closed","ping_status":"closed","sticky":false,"template":"","format":"standard","meta":{"footnotes":""},"categories":[11],"tags":[],"class_list":["post-49480","post","type-post","status-publish","format-standard","has-post-thumbnail","hentry","category-interior"],"_links":{"self":[{"href":"http:\/\/informeformosa.com.ar\/index.php?rest_route=\/wp\/v2\/posts\/49480","targetHints":{"allow":["GET"]}}],"collection":[{"href":"http:\/\/informeformosa.com.ar\/index.php?rest_route=\/wp\/v2\/posts"}],"about":[{"href":"http:\/\/informeformosa.com.ar\/index.php?rest_route=\/wp\/v2\/types\/post"}],"author":[{"embeddable":true,"href":"http:\/\/informeformosa.com.ar\/index.php?rest_route=\/wp\/v2\/users\/11"}],"replies":[{"embeddable":true,"href":"http:\/\/informeformosa.com.ar\/index.php?rest_route=%2Fwp%2Fv2%2Fcomments&post=49480"}],"version-history":[{"count":1,"href":"http:\/\/informeformosa.com.ar\/index.php?rest_route=\/wp\/v2\/posts\/49480\/revisions"}],"predecessor-version":[{"id":49488,"href":"http:\/\/informeformosa.com.ar\/index.php?rest_route=\/wp\/v2\/posts\/49480\/revisions\/49488"}],"wp:featuredmedia":[{"embeddable":true,"href":"http:\/\/informeformosa.com.ar\/index.php?rest_route=\/wp\/v2\/media\/49487"}],"wp:attachment":[{"href":"http:\/\/informeformosa.com.ar\/index.php?rest_route=%2Fwp%2Fv2%2Fmedia&parent=49480"}],"wp:term":[{"taxonomy":"category","embeddable":true,"href":"http:\/\/informeformosa.com.ar\/index.php?rest_route=%2Fwp%2Fv2%2Fcategories&post=49480"},{"taxonomy":"post_tag","embeddable":true,"href":"http:\/\/informeformosa.com.ar\/index.php?rest_route=%2Fwp%2Fv2%2Ftags&post=49480"}],"curies":[{"name":"wp","href":"https:\/\/api.w.org\/{rel}","templated":true}]}}