{"id":49382,"date":"2020-09-05T19:22:55","date_gmt":"2020-09-05T22:22:55","guid":{"rendered":"http:\/\/informeformosa.com.ar\/?p=49382"},"modified":"2020-09-05T19:22:58","modified_gmt":"2020-09-05T22:22:58","slug":"ibanez-anuncio-capacitaciones-para-emprendedores-y-pymes","status":"publish","type":"post","link":"http:\/\/informeformosa.com.ar\/?p=49382","title":{"rendered":"Ib\u00e1\u00f1ez anunci\u00f3 capacitaciones para emprendedores y Pymes"},"content":{"rendered":"\n<p>Durante una nueva conferencia de prensa del Consejo de Atenci\u00f3n de la Emergencia COVID 19, el ministro de Econom\u00eda, Hacienda y Finanzas, Jorge Oscar Ib\u00e1\u00f1ez, inform\u00f3 sobre dos nuevas capacitaciones para emprendedores y Pymes, en el marco de la reactivaci\u00f3n progresiva de la econom\u00eda post pandemia.<\/p>\n\n\n\n<p>\u201cD\u00edas atr\u00e1s coment\u00e1bamos que tenemos la obligaci\u00f3n de ir prepar\u00e1ndonos para el d\u00eda despu\u00e9s en los aspectos comerciales, industriales de la producci\u00f3n. No solamente debemos combatir esta pandemia como hasta ahora, sino tambi\u00e9n quienes tenemos responsabilidad en estas \u00e1reas tenemos que empezar a trabajar articuladamente con quienes conforman el tejido econ\u00f3mico de nuestra provincia y Naci\u00f3n\u201d, sostuvo.<\/p>\n\n\n\n<p>En ese sentido, anunci\u00f3 una charla informativa para los emprendedores y emprendedoras de la provincia, que se llevar\u00e1 a cabo este mi\u00e9rcoles 9 de septiembre, en el marco del Programa Capacitar.<\/p>\n\n\n\n<p>El encuentro virtual se llama Programa de apoyo a la competitividad (PAC) y tiene como objetivo promover el crecimiento de quienes emprenden en su entorno y dentro de su comunidad; y encausar esta vocaci\u00f3n emprendedora hacia la conformaci\u00f3n y expansi\u00f3n de empresas que generen desarrollo e inclusi\u00f3n.<\/p>\n\n\n\n<p>\u201cEs decir, hoy es un emprendedor, ma\u00f1ana es una pyme y posiblemente a futuro puede llegar a ser una empresa mediana o grande\u201d, aclar\u00f3 Ib\u00e1\u00f1ez; e indic\u00f3 que quienes deseen anotarse, deben ingresar al siguiente link y completar el formulario: <a href=\"https:\/\/us02web.zoom.us\/webinar\/register\/WN_fKdWvlvNRTKAM1qvusRb7Q\">https:\/\/us02web.zoom.us\/webinar\/register\/WN_fKdWvlvNRTKAM1qvusRb7Q<\/a>. Los cupos son limitados.<\/p>\n\n\n\n<p><strong>Programa Capacitar<\/strong><\/p>\n\n\n\n<p>Respecto al Programa Capacitar, el funcionario explic\u00f3 que apunta a contener a los emprendedores, invit\u00e1ndolos a sumarse al campo virtual y que se registren para acceder a charlas en vivos con especialistas, recibir asistencia t\u00e9cnica personalizada, poder vincularse con otros emprendedores del pa\u00eds y certificarlos conocimientos a trav\u00e9s de dichos cursos.<\/p>\n\n\n\n<p>\u201cEsto de recibir asistencia t\u00e9cnica personalizada es muy importante porque un emprendedor no puede contratar un t\u00e9cnico en cada una de las materias que necesita asesoramiento; o vincularte con otros emprendedores que quiz\u00e1s ya resolvieron los problemas que vos planteas y viceversa; y si necesitas mejorar tu productividad capacitar te va a brindar desarrollar estrategias para mejorar tu emprendimiento en cuanto a productividad\u201d, se\u00f1al\u00f3.<\/p>\n\n\n\n<p>Y agreg\u00f3: \u201cSi necesitas potenciar tu estrategia comercial, es decir, ese tr\u00e1nsito hacia como vender, Capacitar te va a ense\u00f1ar a dise\u00f1ar estrategias comerciales que permitan hacer crecer tus ventas; o si necesitas gestionar tu equipo de trabajo, es decir, armar m\u00ednimamente un equipo, Capacitar te va a dar las herramientas para la gesti\u00f3n del equipo emprendedor que necesitas\u201d.<\/p>\n\n\n\n<p><strong>Escuela de Formaci\u00f3n en Agronegocios<\/strong><\/p>\n\n\n\n<p>En otro orden, el responsable de la cartera econ\u00f3mica, comunic\u00f3 que, para las Pymes, se lanz\u00f3 la Escuela de Formaci\u00f3n de Agronegocios.<\/p>\n\n\n\n<p>El proyecto de escuela de negocios est\u00e1 dirigido a las pymes agroalimentarias, que buscan sumar valor para mejorar la competitividad de estas pymes y es una actividad gratuita.<\/p>\n\n\n\n<p>Tiene como objetivo dotar las pymes agroalimentarias de herramientas de an\u00e1lisis y gesti\u00f3n empresarial y comercial; afianzar las habilidades de venta, la comunicaci\u00f3n de marca y productos, el manejo de la estructura de costos; mejorar los canales de comercializaci\u00f3n; y dise\u00f1ar estrategias de recursos humanos de las Pymes.<\/p>\n\n\n\n<p>El mismo inicia el 22 de septiembre, y se llevar\u00e1 a cabo los martes y jueves, de 15 a 17 horas.<\/p>\n\n\n\n<p>Para inscribirse, deber\u00e1n hacerlo a trav\u00e9s de la web: <a href=\"http:\/\/www.alimentosargentinos.gob.ar\/Escuela_de_negocios\/\">http:\/\/www.alimentosargentinos.gob.ar\/Escuela_de_negocios\/<\/a><\/p>\n\n\n\n<p>Por \u00faltimo, el ministro aclar\u00f3 que, si bien en la p\u00e1gina de inscripci\u00f3n dice que hay tiempo hasta el 7 de septiembre para anotarse, se extendi\u00f3 la inscripci\u00f3n hasta el 14 del mismo mes.<\/p>\n","protected":false},"excerpt":{"rendered":"<p>Durante una nueva conferencia de prensa del Consejo de Atenci\u00f3n de la Emergencia COVID 19, el ministro de Econom\u00eda, Hacienda y Finanzas, Jorge Oscar Ib\u00e1\u00f1ez, inform\u00f3 sobre dos nuevas capacitaciones para emprendedores y Pymes, en el marco de la reactivaci\u00f3n progresiva de la econom\u00eda post pandemia. \u201cD\u00edas atr\u00e1s coment\u00e1bamos que tenemos la obligaci\u00f3n de ir [&hellip;]<\/p>\n","protected":false},"author":11,"featured_media":49388,"comment_status":"closed","ping_status":"closed","sticky":false,"template":"","format":"standard","meta":{"footnotes":""},"categories":[3],"tags":[],"class_list":["post-49382","post","type-post","status-publish","format-standard","has-post-thumbnail","hentry","category-politica-y-economia"],"_links":{"self":[{"href":"http:\/\/informeformosa.com.ar\/index.php?rest_route=\/wp\/v2\/posts\/49382","targetHints":{"allow":["GET"]}}],"collection":[{"href":"http:\/\/informeformosa.com.ar\/index.php?rest_route=\/wp\/v2\/posts"}],"about":[{"href":"http:\/\/informeformosa.com.ar\/index.php?rest_route=\/wp\/v2\/types\/post"}],"author":[{"embeddable":true,"href":"http:\/\/informeformosa.com.ar\/index.php?rest_route=\/wp\/v2\/users\/11"}],"replies":[{"embeddable":true,"href":"http:\/\/informeformosa.com.ar\/index.php?rest_route=%2Fwp%2Fv2%2Fcomments&post=49382"}],"version-history":[{"count":1,"href":"http:\/\/informeformosa.com.ar\/index.php?rest_route=\/wp\/v2\/posts\/49382\/revisions"}],"predecessor-version":[{"id":49389,"href":"http:\/\/informeformosa.com.ar\/index.php?rest_route=\/wp\/v2\/posts\/49382\/revisions\/49389"}],"wp:featuredmedia":[{"embeddable":true,"href":"http:\/\/informeformosa.com.ar\/index.php?rest_route=\/wp\/v2\/media\/49388"}],"wp:attachment":[{"href":"http:\/\/informeformosa.com.ar\/index.php?rest_route=%2Fwp%2Fv2%2Fmedia&parent=49382"}],"wp:term":[{"taxonomy":"category","embeddable":true,"href":"http:\/\/informeformosa.com.ar\/index.php?rest_route=%2Fwp%2Fv2%2Fcategories&post=49382"},{"taxonomy":"post_tag","embeddable":true,"href":"http:\/\/informeformosa.com.ar\/index.php?rest_route=%2Fwp%2Fv2%2Ftags&post=49382"}],"curies":[{"name":"wp","href":"https:\/\/api.w.org\/{rel}","templated":true}]}}