{"id":49373,"date":"2020-09-03T23:56:25","date_gmt":"2020-09-04T02:56:25","guid":{"rendered":"http:\/\/informeformosa.com.ar\/?p=49373"},"modified":"2020-09-03T23:56:28","modified_gmt":"2020-09-04T02:56:28","slug":"covid-sin-nuevos-casos-reforzaron-los-controles-para-evitar-los-ingresos-irregulares-al-territorio","status":"publish","type":"post","link":"http:\/\/informeformosa.com.ar\/?p=49373","title":{"rendered":"COVID: sin nuevos casos, reforzaron los controles para evitar los ingresos irregulares al territorio"},"content":{"rendered":"\n<p>En ese marco, los datos acumulados de la provincia a d\u00eda de hoy son los siguientes: 98 diagnosticados; 81 recuperados; 9 casos activos internados, de los cuales 2 son asintom\u00e1ticos; cero fallecimientos por coronavirus; 7 casos en tr\u00e1nsito con egreso de la provincia; 1 caso extranjero importado; 8.531 test realizados con el 1,15% de positividad.<\/p>\n\n\n\n<p><strong>Controles<\/strong><\/p>\n\n\n\n<p>Los n\u00fameros relativos a la tarea preventiva que lleva adelante la polic\u00eda en toda la provincia, de las \u00faltimas 24 horas, son los siguientes: 639 ingresos de camiones; 12.666 personas y 6.848 veh\u00edculos controlados en la v\u00eda p\u00fablica; 154 infracciones labradas a veh\u00edculos por restricci\u00f3n de circulaci\u00f3n y patente; y 391 a personas por restricci\u00f3n de circulaci\u00f3n y no uso de barbijo; 4 ingresos irregulares judicializados m\u00e1s 12 contactos en estudio; 1 incumplimiento de transportista del corredor sanitario m\u00e1s 1 contacto en estudio; y 3 fiestas privadas intervenidas.<\/p>\n\n\n\n<p><strong>Refuerzo de fronteras<\/strong><\/p>\n\n\n\n<p>Adem\u00e1s, el organismo anunci\u00f3 que, en el marco del despliegue del operativo de cuidado y protecci\u00f3n que realiza la polic\u00eda provincial, llevaron adelante acciones disuasivas para evitar los ingresos irregulares de personas al territorio por pasos no habilitados.<\/p>\n\n\n\n<p>En este sentido, se reforz\u00f3 la presencia en la zona fronteriza de Clorinda, en el sector de la barrera, con personal de infanter\u00eda y de montada que realizan recorridas permanentes. Por su parte, el mi\u00e9rcoles pasado, en jurisdicci\u00f3n del Circuito 5 de la ciudad capital, fueron secuestradas preventivamente 20 embarcaciones, y este jueves, se hizo lo propio con otras 35 en Boca Riacho Pilag\u00e1, con el fin de proteger la salud y la vida de la comunidad formose\u00f1a.<\/p>\n\n\n\n<p><strong>Dengue<\/strong><\/p>\n\n\n\n<p>En relaci\u00f3n a la lucha contra el dengue, se comunic\u00f3 que el viernes 4 de septiembre se realizar\u00e1n las tareas de control de focos y tratamiento con larvicida en los barrios San Mart\u00edn de Ing. Ju\u00e1rez, Belgrano de Laguna Blanca y barrios San Pedro, Santa Rosa y San Francisco de la ciudad capital.<\/p>\n\n\n\n<p>Como tambi\u00e9n el descacharrizado en los barrios AntenorGauna (en conjunto con el municipio capitalino) y barrio La Floresta (en conjunto con Vialidad Provincial).<\/p>\n\n\n\n<p><strong>D\u00eda Mundial de la higiene<\/strong><\/p>\n\n\n\n<p>Por \u00faltimo, desde el Consejo celebraron el D\u00eda Mundial de la Higiene con el fin de concientizar sobre la importancia de mantener una buena higiene para prevenir posibles enfermedades.<\/p>\n\n\n\n<p>\u201cUNICEF informa que un gran porcentaje de las enfermedades y muertes en ni\u00f1os menores de 5 a\u00f1os son causadas por g\u00e9rmenes que se transmiten por la ingesta de agua, alimentos o debido a manos mal lavadas\u201d, recordaron.<\/p>\n\n\n\n<p>Y sentenciaron: \u201cEs muy importante el h\u00e1bito de limpiar los alimentos con agua potable y el lavado frecuente de las manos con agua y jab\u00f3n, lo cual no solo previene m\u00faltiples enfermedades respiratorias y digestivas, sino que constituyen una de las principales medidas sanitarias que hoy nos protegen frente al coronavirus, junto con el uso del barbijo y el distanciamiento social\u201d.<\/p>\n","protected":false},"excerpt":{"rendered":"<p>En ese marco, los datos acumulados de la provincia a d\u00eda de hoy son los siguientes: 98 diagnosticados; 81 recuperados; 9 casos activos internados, de los cuales 2 son asintom\u00e1ticos; cero fallecimientos por coronavirus; 7 casos en tr\u00e1nsito con egreso de la provincia; 1 caso extranjero importado; 8.531 test realizados con el 1,15% de positividad. [&hellip;]<\/p>\n","protected":false},"author":11,"featured_media":49376,"comment_status":"closed","ping_status":"closed","sticky":false,"template":"","format":"standard","meta":{"footnotes":""},"categories":[12],"tags":[],"class_list":["post-49373","post","type-post","status-publish","format-standard","has-post-thumbnail","hentry","category-salud"],"_links":{"self":[{"href":"http:\/\/informeformosa.com.ar\/index.php?rest_route=\/wp\/v2\/posts\/49373","targetHints":{"allow":["GET"]}}],"collection":[{"href":"http:\/\/informeformosa.com.ar\/index.php?rest_route=\/wp\/v2\/posts"}],"about":[{"href":"http:\/\/informeformosa.com.ar\/index.php?rest_route=\/wp\/v2\/types\/post"}],"author":[{"embeddable":true,"href":"http:\/\/informeformosa.com.ar\/index.php?rest_route=\/wp\/v2\/users\/11"}],"replies":[{"embeddable":true,"href":"http:\/\/informeformosa.com.ar\/index.php?rest_route=%2Fwp%2Fv2%2Fcomments&post=49373"}],"version-history":[{"count":1,"href":"http:\/\/informeformosa.com.ar\/index.php?rest_route=\/wp\/v2\/posts\/49373\/revisions"}],"predecessor-version":[{"id":49377,"href":"http:\/\/informeformosa.com.ar\/index.php?rest_route=\/wp\/v2\/posts\/49373\/revisions\/49377"}],"wp:featuredmedia":[{"embeddable":true,"href":"http:\/\/informeformosa.com.ar\/index.php?rest_route=\/wp\/v2\/media\/49376"}],"wp:attachment":[{"href":"http:\/\/informeformosa.com.ar\/index.php?rest_route=%2Fwp%2Fv2%2Fmedia&parent=49373"}],"wp:term":[{"taxonomy":"category","embeddable":true,"href":"http:\/\/informeformosa.com.ar\/index.php?rest_route=%2Fwp%2Fv2%2Fcategories&post=49373"},{"taxonomy":"post_tag","embeddable":true,"href":"http:\/\/informeformosa.com.ar\/index.php?rest_route=%2Fwp%2Fv2%2Ftags&post=49373"}],"curies":[{"name":"wp","href":"https:\/\/api.w.org\/{rel}","templated":true}]}}