{"id":49362,"date":"2020-09-03T23:51:28","date_gmt":"2020-09-04T02:51:28","guid":{"rendered":"http:\/\/informeformosa.com.ar\/?p=49362"},"modified":"2020-09-03T23:51:31","modified_gmt":"2020-09-04T02:51:31","slug":"de-la-rosa-la-pesada-herencia-que-dejo-macri-se-esta-solucionando","status":"publish","type":"post","link":"http:\/\/informeformosa.com.ar\/?p=49362","title":{"rendered":"De la Rosa: \u201cLa pesada herencia que dej\u00f3 Macri se est\u00e1 solucionando\u201d"},"content":{"rendered":"\n<p>La licenciada Graciela de la Rosa, auditora general de la Naci\u00f3n, destac\u00f3 lo que significa para la Argentina que el Gobierno Nacional del presidente Alberto Fern\u00e1ndez haya reestructurado en un 99% la deuda bajo ley extranjera. \u201cLa pesada herencia que se hered\u00f3 de la gesti\u00f3n de Mauricio Macri se est\u00e1 solucionando\u201d, manifest\u00f3.<\/p>\n\n\n\n<p>La negociaci\u00f3n con los bonistas internacionales comenz\u00f3 en diciembre y se cerr\u00f3 luego de nueve meses. A trav\u00e9s de las f\u00e9rreas gestiones del ministro de Econom\u00eda, Mart\u00edn Guzm\u00e1n, la aceptaci\u00f3n de los bonistas fue del 93,5% y a partir de la activaci\u00f3n de las cl\u00e1usulas de acci\u00f3n colectiva se consigui\u00f3 reestructurar el 99% de la deuda.<\/p>\n\n\n\n<p>\u201cEs una medida muy importante que no sab\u00edamos si la Argentina y el Gobierno del presidente Fern\u00e1ndez la iba a conseguir, ya que era muy dif\u00edcil. La situaci\u00f3n econ\u00f3mica que hered\u00f3 esta gesti\u00f3n ha sido brav\u00edsima, insostenible, y a eso se le suma una deuda externa realmente incre\u00edble y que el pa\u00eds estaba virtualmente en cesaci\u00f3n de pagos\u201d, subray\u00f3 De la Rosa en declaraciones recogidas por&nbsp;<strong>AGENFOR.<\/strong><\/p>\n\n\n\n<p>Puso de relieve que \u201chay pasos que est\u00e1 dando este Gobierno Nacional para solucionar el problema de la deuda externa, que es feroz y que durante el Gobierno del expresidente Macri se multiplic\u00f3 por 2.5, mucho m\u00e1s que una duplicaci\u00f3n\u201d.<\/p>\n\n\n\n<p>\u201cLa pesada herencia que ha recibido el presidente Fern\u00e1ndez se est\u00e1 solucionando \u2013resalt\u00f3-. Fue un \u00e9xito incre\u00edble esta primera parte, ya que en realidad son tres las instancias que se tienen que arreglar en la deuda externa: esta primera con deudores con legislaci\u00f3n internacional, la segunda con acreedores con legislaci\u00f3n local y la tercera es con el Fondo Monetario Internacional (FMI)\u201d.<\/p>\n\n\n\n<p>Hizo notar que \u201ctodos son montos realmente impresionantes\u201d, acentuando que en esta reciente instancia \u201cse ha logrado el 99% de aceptaci\u00f3n de todos los acreedores\u201d.<\/p>\n\n\n\n<p>\u201cHay que decir que los argentinos y las argentinas con esta reducci\u00f3n de la deuda externa vamos a dejar de pagar unos 37.700 millones de d\u00f3lares. \u00c9se es el alivio fiscal que busc\u00f3 el Gobierno Nacional y lo pudo conseguir con esta reestructuraci\u00f3n de la deuda externa, que es la primera parte\u201d, resalt\u00f3.<\/p>\n\n\n\n<p>A\u00f1adi\u00f3 que \u201cahora sigue otra instancia por unos 41 mil millones de d\u00f3lares y despu\u00e9s con el FMI\u201d, reiterando que \u201cla deuda que hered\u00f3 el presidente Fern\u00e1ndez era realmente insostenible, incluso reconocida por el propio Fondo\u201d.<\/p>\n\n\n\n<p>\u201cEra una situaci\u00f3n insostenible porque si no se arreglaba esto nos hubi\u00e9semos quedado fuera del mundo. No tendr\u00edamos ning\u00fan tipo de financiamiento si no se hubiera hecho esta excelente y exitosa negociaci\u00f3n de la deuda externa\u201d, destac\u00f3 De la Rosa.<\/p>\n\n\n\n<p>Reiter\u00f3 que \u201ces muy importante decirlo y explicar la situaci\u00f3n desastrosa que hered\u00f3 de la gesti\u00f3n macrista el Gobierno de Alberto Fern\u00e1ndez, de la que estamos saliendo. Hay que reconocer este enorme esfuerzo y este \u00e9xito que se ha logrado\u201d, concluy\u00f3.&nbsp;<\/p>\n","protected":false},"excerpt":{"rendered":"<p>La licenciada Graciela de la Rosa, auditora general de la Naci\u00f3n, destac\u00f3 lo que significa para la Argentina que el Gobierno Nacional del presidente Alberto Fern\u00e1ndez haya reestructurado en un 99% la deuda bajo ley extranjera. \u201cLa pesada herencia que se hered\u00f3 de la gesti\u00f3n de Mauricio Macri se est\u00e1 solucionando\u201d, manifest\u00f3. La negociaci\u00f3n con [&hellip;]<\/p>\n","protected":false},"author":11,"featured_media":49369,"comment_status":"closed","ping_status":"closed","sticky":false,"template":"","format":"standard","meta":{"footnotes":""},"categories":[6],"tags":[],"class_list":["post-49362","post","type-post","status-publish","format-standard","has-post-thumbnail","hentry","category-nacionales"],"_links":{"self":[{"href":"http:\/\/informeformosa.com.ar\/index.php?rest_route=\/wp\/v2\/posts\/49362","targetHints":{"allow":["GET"]}}],"collection":[{"href":"http:\/\/informeformosa.com.ar\/index.php?rest_route=\/wp\/v2\/posts"}],"about":[{"href":"http:\/\/informeformosa.com.ar\/index.php?rest_route=\/wp\/v2\/types\/post"}],"author":[{"embeddable":true,"href":"http:\/\/informeformosa.com.ar\/index.php?rest_route=\/wp\/v2\/users\/11"}],"replies":[{"embeddable":true,"href":"http:\/\/informeformosa.com.ar\/index.php?rest_route=%2Fwp%2Fv2%2Fcomments&post=49362"}],"version-history":[{"count":1,"href":"http:\/\/informeformosa.com.ar\/index.php?rest_route=\/wp\/v2\/posts\/49362\/revisions"}],"predecessor-version":[{"id":49370,"href":"http:\/\/informeformosa.com.ar\/index.php?rest_route=\/wp\/v2\/posts\/49362\/revisions\/49370"}],"wp:featuredmedia":[{"embeddable":true,"href":"http:\/\/informeformosa.com.ar\/index.php?rest_route=\/wp\/v2\/media\/49369"}],"wp:attachment":[{"href":"http:\/\/informeformosa.com.ar\/index.php?rest_route=%2Fwp%2Fv2%2Fmedia&parent=49362"}],"wp:term":[{"taxonomy":"category","embeddable":true,"href":"http:\/\/informeformosa.com.ar\/index.php?rest_route=%2Fwp%2Fv2%2Fcategories&post=49362"},{"taxonomy":"post_tag","embeddable":true,"href":"http:\/\/informeformosa.com.ar\/index.php?rest_route=%2Fwp%2Fv2%2Ftags&post=49362"}],"curies":[{"name":"wp","href":"https:\/\/api.w.org\/{rel}","templated":true}]}}