{"id":49361,"date":"2020-09-03T23:50:30","date_gmt":"2020-09-04T02:50:30","guid":{"rendered":"http:\/\/informeformosa.com.ar\/?p=49361"},"modified":"2020-09-03T23:50:33","modified_gmt":"2020-09-04T02:50:33","slug":"estamos-en-un-momento-dificil-de-la-pandemia-en-el-pais-afirmo-medico-asesor-del-presidente","status":"publish","type":"post","link":"http:\/\/informeformosa.com.ar\/?p=49361","title":{"rendered":"\u201cEstamos en un momento dif\u00edcil de la pandemia  en el pa\u00eds\u201d, afirm\u00f3 m\u00e9dico asesor del Presidente"},"content":{"rendered":"\n<p>El m\u00e9dico Luis C\u00e1mera, asesor del presidente Alberto Fern\u00e1ndez, en contacto exclusivo con <strong>AGENFOR<\/strong> afirm\u00f3 que \u201cestamos en un momento dif\u00edcil de la pandemia de coronavirus en el pa\u00eds\u201d. En ese sentido, marc\u00f3 que el brote de contagios en el \u00c1rea Metropolitana de Buenos Aires (AMBA) hizo que el virus se traslade a las provincias, al indicar que \u201calrededor del 20 al 25 % de los casos registrados, son del interior\u201d de acuerdo a los reportes del Ministerio de Salud de la Naci\u00f3n.<\/p>\n\n\n\n<p>Al ser consultado sobre el estatus sanitario de la provincia, el profesional evalu\u00f3 que \u201chasta ahora, los n\u00fameros de Formosa han sido impecables e indudablemente se ven los resultados\u201d, y exhort\u00f3 a \u201cser muy cuidadosos y seguir manteniendo los logros\u201d.<\/p>\n\n\n\n<p>C\u00e1mera es uno de los integrantes del Comit\u00e9 de expertos, \u00f3rgano conformado desde el inicio de la pandemia de coronavirus para asesorar al Ministerio de Salud de la Naci\u00f3n y al Presidente de la Naci\u00f3n en cuanto a las acciones y medidas en la lucha contra el virus.<\/p>\n\n\n\n<p>Se trata de una voz autorizada en la materia, que naci\u00f3 en Corrientes y actualmente vive en Buenos Aires, desempe\u00f1\u00e1ndose como jefe del servicio de Geriatr\u00eda del Hospital Italiano. \u201cHoy, estamos en el peor d\u00eda y un poquito mejor que ma\u00f1ana que ser\u00e1 a\u00fan peor con respecto a la epidemia local en la Argentina\u201d.<\/p>\n\n\n\n<p>Tras esta afirmaci\u00f3n, se\u00f1al\u00f3 que \u201chace un mes o mes y medio est\u00e1bamos relativamente bien, sobre todo en el interior; pero ahora alrededor del 20 al 25% de los casos positivos registrados se dan en las provincias y algunas est\u00e1n con bastantes dificultades\u201d, aludiendo a los reportes que difunde el Ministerio de Salud de naci\u00f3n.<\/p>\n\n\n\n<p>Y agreg\u00f3: \u201cSe dan situaciones muy compleja como por ejemplo el caso de Jujuy, que los formose\u00f1os conocen muy bien por la cercan\u00eda que existe\u201d.<\/p>\n\n\n\n<p><strong>Brote en el AMBA<\/strong><\/p>\n\n\n\n<p>Advirti\u00f3 que el ascenso de los contagios en algunas jurisdicciones provinciales obedece \u201cal rebrote de casos en el AMBA\u201d, y adem\u00e1s se sum\u00f3 que en muchas provincias que \u201cse encontraban en Fase 5 hubo un relajamiento general por parte de la gente, al permitirse las fiestas, reuniones, asados, bailes, mateadas, tomar cerveza, generando una cierta inconducta y a su vez se pens\u00f3 que esto ya estaba pasando\u201d.<\/p>\n\n\n\n<p>Este contexto al que hizo referencia C\u00e1mera llev\u00f3 a que \u201cel virus aprovechara y entrara por todos lados\u201d, agregando que esto mismo sucedi\u00f3 en Buenos Aires. \u201cDesde hace tres semanas despu\u00e9s de un encuentro televisivo donde el Presidente dijo que se iban a flexibilizar algunas cosas y que correspond\u00eda a la conducta individual seguir manteniendo la lucha contra el virus, la gente por la forma en que se comport\u00f3 me parece que interpret\u00f3 que se terminaban las restricciones; ahora, tenemos un nuevo brote\u201d, enfatiz\u00f3.<\/p>\n\n\n\n<p>Por ello, afirm\u00f3: \u201cEstamos en un momento dif\u00edcil de la pandemia en el pa\u00eds\u201d y en ese marco, el asesor presidencial consider\u00f3 necesario tratar la reestructuraci\u00f3n del pa\u00eds, apreciando como positivo que el presidente Fern\u00e1ndez haya anunciado el inter\u00e9s de llevar a cabo una reformulaci\u00f3n, para evitar por ejemplo que el tr\u00e1nsito comercial se concentre en Buenos Aires.<\/p>\n\n\n\n<p>En la actualidad, el tr\u00e1nsito comercial de camiones en un 90% pasa por Buenos Aires y seg\u00fan el especialista de \u201clas idas y venidas las personas se van con el virus\u201d y lo trasladan a otras partes del pa\u00eds.<\/p>\n\n\n\n<p>\u201cEse centralismo nos lleva a situaciones como \u00e9sta, entonces esperemos que se haga realmente una reformulaci\u00f3n y que el pa\u00eds tenga una reforma estrictamente federal desde lo econ\u00f3mico, sino el federalismo no tiene la fuerza que deber\u00eda tener\u201d, enfatiz\u00f3.<\/p>\n\n\n\n<p><strong>Comportamiento social<\/strong><\/p>\n\n\n\n<p>En cuanto al comportamiento social y las cr\u00edticas al aislamiento por parte de algunos referentes medi\u00e1ticos o las marchas que se incentivan desde sectores de la oposici\u00f3n o anticuarentenas, opin\u00f3: \u201cSe gener\u00f3 todo un marco de opini\u00f3n p\u00fablica de cierta desesperaci\u00f3n por estar encerrados cuando en realidad si uno se fija, no estaban tan encerrados, pero hay que creer lo que dice la gente, y se gener\u00f3 un estado an\u00edmico de que ya no aguantamos m\u00e1s\u201d.<\/p>\n\n\n\n<p>Frente a ello, el doctor C\u00e1mera como miembro del grupo de expertos, asegur\u00f3 que \u201cle hemos dicho al Presidente que se debe reforzar a toda costa el comportamiento social\u201d, aunque&nbsp; admiti\u00f3 que \u201cevidentemente hay personas que por m\u00e1s que uno le insista terminan comport\u00e1ndose de otra manera\u201d al no respetar las medidas sanitarias para el cuidado personal.<\/p>\n\n\n\n<p>Resalt\u00f3 que, de hecho, se fueron liberando algunas cosas en un momento dif\u00edcil y tambi\u00e9n pudo ocasionar un relajamiento de la poblaci\u00f3n. En ese punto, fue tajante al se\u00f1alar que \u201cno estuve a favor de los permisos para actividades recreativas, sino solamente liberar actividades estrictamente econ\u00f3micas\u201d, si bien \u201centiendo que la cabeza se tiene que entretener, no hace falta que nadie me lo explique lo padezco yo mismo\u201d, pero consider\u00f3 que en este momento \u201ctodo lo recreativo es muy peligroso\u201d.<\/p>\n\n\n\n<p>Explic\u00f3 que \u201clo recreativo est\u00e1 asociado a que las personas se junten y en esas charlas de cercan\u00eda sin darse cuenta tocan el barbijo o se lo sacan, comparten el mate, o la botella de la cerveza, y ah\u00ed el virus se propaga a una velocidad infernal\u201d, argument\u00f3 con ejemplos su posici\u00f3n.<\/p>\n\n\n\n<p><strong>Estatus sanitario<\/strong><\/p>\n\n\n\n<p><strong>de Formosa<\/strong><\/p>\n\n\n\n<p>Por otro lado, el asesor m\u00e9dico presidencial habl\u00f3 del estatus sanitario que tiene la provincia hasta la fecha, que no registra circulaci\u00f3n comunitaria del virus, y est\u00e1 en una posici\u00f3n de privilegio frente al riesgo regional que existe.<\/p>\n\n\n\n<p>\u201cHasta ahora los n\u00fameros de Formosa han sido impecables e indudablemente se ven los resultados, han hecho mucha acciones, si bien tambi\u00e9n han tenido suerte pero vienen resistiendo un mont\u00f3n de embates\u201d, opin\u00f3 el especialista.<\/p>\n\n\n\n<p>Por ello,&nbsp; pidi\u00f3 \u201cser muy cuidadosos y seguir manteniendo los logros\u201d, contrastando con lo que sucede en el AMBA: \u201cAc\u00e1 estamos peleando con el virus, en cambio ustedes tienen que seguir conservando la casa limpia del virus, as\u00ed que yo ser\u00eda muy cuidadoso\u201d, reiter\u00f3.<\/p>\n\n\n\n<p><a><strong>Virus ciudadano<\/strong><\/a><\/p>\n\n\n\n<p>Otro aspecto al que se refiri\u00f3 el m\u00e9dico C\u00e1mera en la extensa entrevista con AGENFOR, es que \u201cel virus COVID-19 es b\u00e1sicamente ciudadano\u201d. Esta afirmaci\u00f3n la clarific\u00f3 al describir que \u201cen la ciudad est\u00e1n todas las condiciones para que se propague este virus, como ser el hacinamiento, la contaminaci\u00f3n del aire, medios de transporte, los ba\u00f1os que en muchos hogares son colectivos y con estructuras sociosanitarias muy d\u00e9biles, y con poco espacio al aire libre\u201d, por eso en el mundo las grandes ciudades son las m\u00e1s afectadas: Nueva York, San Pablo, Buenos Aires, Lima, Santiago, Madrid, Barcelona, Mil\u00e1n, Londres, por citar algunas.&nbsp;<\/p>\n\n\n\n<p>Asimismo, profundiz\u00f3 como asesor experto que en esta lucha contra el coronavirus, con epicentro en el continente americano, lo que se observa \u201ces una enfermedad de pobres\u201d. Lo cual si&nbsp; bien a\u00fan no lo ha dicho la Organizaci\u00f3n Mundial de la Salud (OMS), y es verdad que \u201cse puede contagiar cualquier clase social sin distinci\u00f3n, pero donde hay un pobre ah\u00ed el virus est\u00e1 a sus anchas y eso claramente sucede en Am\u00e9rica\u201d, subray\u00f3 y aludi\u00f3 \u201ca las tremendas inequidades socio-econ\u00f3micas que existen en todos los pa\u00edses, lo cual es clave\u201d en este contexto de pandemia.<\/p>\n","protected":false},"excerpt":{"rendered":"<p>El m\u00e9dico Luis C\u00e1mera, asesor del presidente Alberto Fern\u00e1ndez, en contacto exclusivo con AGENFOR afirm\u00f3 que \u201cestamos en un momento dif\u00edcil de la pandemia de coronavirus en el pa\u00eds\u201d. En ese sentido, marc\u00f3 que el brote de contagios en el \u00c1rea Metropolitana de Buenos Aires (AMBA) hizo que el virus se traslade a las provincias, [&hellip;]<\/p>\n","protected":false},"author":11,"featured_media":49367,"comment_status":"closed","ping_status":"closed","sticky":false,"template":"","format":"standard","meta":{"footnotes":""},"categories":[6],"tags":[],"class_list":["post-49361","post","type-post","status-publish","format-standard","has-post-thumbnail","hentry","category-nacionales"],"_links":{"self":[{"href":"http:\/\/informeformosa.com.ar\/index.php?rest_route=\/wp\/v2\/posts\/49361","targetHints":{"allow":["GET"]}}],"collection":[{"href":"http:\/\/informeformosa.com.ar\/index.php?rest_route=\/wp\/v2\/posts"}],"about":[{"href":"http:\/\/informeformosa.com.ar\/index.php?rest_route=\/wp\/v2\/types\/post"}],"author":[{"embeddable":true,"href":"http:\/\/informeformosa.com.ar\/index.php?rest_route=\/wp\/v2\/users\/11"}],"replies":[{"embeddable":true,"href":"http:\/\/informeformosa.com.ar\/index.php?rest_route=%2Fwp%2Fv2%2Fcomments&post=49361"}],"version-history":[{"count":1,"href":"http:\/\/informeformosa.com.ar\/index.php?rest_route=\/wp\/v2\/posts\/49361\/revisions"}],"predecessor-version":[{"id":49368,"href":"http:\/\/informeformosa.com.ar\/index.php?rest_route=\/wp\/v2\/posts\/49361\/revisions\/49368"}],"wp:featuredmedia":[{"embeddable":true,"href":"http:\/\/informeformosa.com.ar\/index.php?rest_route=\/wp\/v2\/media\/49367"}],"wp:attachment":[{"href":"http:\/\/informeformosa.com.ar\/index.php?rest_route=%2Fwp%2Fv2%2Fmedia&parent=49361"}],"wp:term":[{"taxonomy":"category","embeddable":true,"href":"http:\/\/informeformosa.com.ar\/index.php?rest_route=%2Fwp%2Fv2%2Fcategories&post=49361"},{"taxonomy":"post_tag","embeddable":true,"href":"http:\/\/informeformosa.com.ar\/index.php?rest_route=%2Fwp%2Fv2%2Ftags&post=49361"}],"curies":[{"name":"wp","href":"https:\/\/api.w.org\/{rel}","templated":true}]}}