{"id":49347,"date":"2020-09-02T21:56:58","date_gmt":"2020-09-03T00:56:58","guid":{"rendered":"http:\/\/informeformosa.com.ar\/?p=49347"},"modified":"2020-09-02T21:57:01","modified_gmt":"2020-09-03T00:57:01","slug":"clorinda-se-tomaron-531-muestras-en-la-busqueda-activa-de-casos-de-coronavirus","status":"publish","type":"post","link":"http:\/\/informeformosa.com.ar\/?p=49347","title":{"rendered":"Clorinda: se tomaron 531 muestras en la  b\u00fasqueda activa de casos de coronavirus"},"content":{"rendered":"\n<p>El Consejo de Atenci\u00f3n Integral de la Emergencia COVID-19 inform\u00f3 que en las \u00faltimas 24 horas se realizaron 202 test de vigilancia y b\u00fasqueda activa de casos, todos ellos con resultados negativos a coronavirus.<\/p>\n\n\n\n<p>Este martes se realizaron 531 hisopados de b\u00fasqueda activa de casos y posibles contactos en la ciudad de Clorinda. Las muestras tomadas se encuentran en procesamiento en el Laboratorio de Biolog\u00eda Molecular del Hospital de Alta Complejidad \u00abJuan Domingo Per\u00f3n\u00bb.<\/p>\n\n\n\n<p>En ese marco, se inst\u00f3 a toda la poblaci\u00f3n formose\u00f1a, en particular a los habitantes de Clorinda, a que se comuniquen al n\u00famero 107 en caso de que se consideren contactos de alg\u00fan caso confirmado, o bien presenten dos o m\u00e1s de los siguientes s\u00edntomas: fiebre de 37,5\u00b0C, tos, dolor de garganta, dificultad respiratoria, cefalea, diarrea y\/o v\u00f3mitos o p\u00e9rdida brusca de gusto u olfato.<\/p>\n\n\n\n<p>Los datos acumulados hasta el momento en la provincia de Formosa son: diagnosticados 98 casos, de los cuales 81 ya est\u00e1n recuperados. En la actualidad hay 9 casos activos internados, tres de ellos asintom\u00e1ticos.<\/p>\n\n\n\n<p>Formosa no registra ning\u00fan fallecimiento por coronavirus, existen siete casos en tr\u00e1nsito con egreso de la provincia y un caso extranjero importado. Hasta la fecha, se realizaron 8.301 test (1,18% de positividad).<\/p>\n\n\n\n<p>En cuanto a la tarea preventiva que lleva adelante la Polic\u00eda en toda la provincia, son los siguientes: se registr\u00f3 el ingreso de 708 camiones de carga y fueron controladas 12.074 personas en la v\u00eda p\u00fablica y 5029 veh\u00edculos.<\/p>\n\n\n\n<p>En cuanto a las infracciones, se labraron a 147 veh\u00edculos por restricci\u00f3n de circulaci\u00f3n y patente; y 400 personas por restricci\u00f3n de circulaci\u00f3n y no uso de barbijo. Hay a la fecha cuatro ingresos irregulares judicializados y un contacto en estudio.<\/p>\n\n\n\n<p>Asimismo, se detectaron a dos transportistas que violaron el corredor sanitario, por lo que se est\u00e1 estudiando al contacto de uno de ellos.<\/p>\n\n\n\n<p><strong>Haberes<\/strong><\/p>\n\n\n\n<p>Se inform\u00f3, adem\u00e1s, que avanza el cronograma de pago de haberes, jubilaciones y pensiones con recursos propios del Estado Provincial, aplic\u00e1ndose el \u00faltimo aumento dispuesto por el Gobernador de la Provincia. En el d\u00eda de hoy percibir\u00e1n sus haberes el personal activo con DNI terminados en 4, 5 y 6, mientras que ma\u00f1ana jueves 3 de septiembre finalizar\u00e1 el cronograma con el pago al personal activo con DNI terminados en 7, 8 y 9.<\/p>\n\n\n\n<p><strong>Encrucijada hist\u00f3rica<\/strong><\/p>\n\n\n\n<p>\u201cComprovincianos, en toda crisis existen momentos claves, instantes donde las decisiones que tomamos definen el curso futuro de una comunidad. Hoy nos encontramos en una encrucijada hist\u00f3rica, en uno de esos momentos de la verdad, donde toda la preparaci\u00f3n previa que hemos tenido como comunidad debemos ponerla en pr\u00e1ctica para superar la adversidad\u201d, se\u00f1al\u00f3 el Consejo.<\/p>\n\n\n\n<p>Ante el actual contexto, exhorto: \u201cEnfrentemos este desaf\u00edo tal como se presenta, sin minimizarlo ni negarlo. Seamos protagonistas responsables, solidarios y serios, porque est\u00e1 en juego la vida y la salud de cada uno de nosotros, de nuestros seres queridos y de todos los formose\u00f1os y formose\u00f1as\u201d.<\/p>\n","protected":false},"excerpt":{"rendered":"<p>El Consejo de Atenci\u00f3n Integral de la Emergencia COVID-19 inform\u00f3 que en las \u00faltimas 24 horas se realizaron 202 test de vigilancia y b\u00fasqueda activa de casos, todos ellos con resultados negativos a coronavirus. Este martes se realizaron 531 hisopados de b\u00fasqueda activa de casos y posibles contactos en la ciudad de Clorinda. Las muestras [&hellip;]<\/p>\n","protected":false},"author":11,"featured_media":49358,"comment_status":"closed","ping_status":"closed","sticky":false,"template":"","format":"standard","meta":{"footnotes":""},"categories":[12],"tags":[],"class_list":["post-49347","post","type-post","status-publish","format-standard","has-post-thumbnail","hentry","category-salud"],"_links":{"self":[{"href":"http:\/\/informeformosa.com.ar\/index.php?rest_route=\/wp\/v2\/posts\/49347","targetHints":{"allow":["GET"]}}],"collection":[{"href":"http:\/\/informeformosa.com.ar\/index.php?rest_route=\/wp\/v2\/posts"}],"about":[{"href":"http:\/\/informeformosa.com.ar\/index.php?rest_route=\/wp\/v2\/types\/post"}],"author":[{"embeddable":true,"href":"http:\/\/informeformosa.com.ar\/index.php?rest_route=\/wp\/v2\/users\/11"}],"replies":[{"embeddable":true,"href":"http:\/\/informeformosa.com.ar\/index.php?rest_route=%2Fwp%2Fv2%2Fcomments&post=49347"}],"version-history":[{"count":1,"href":"http:\/\/informeformosa.com.ar\/index.php?rest_route=\/wp\/v2\/posts\/49347\/revisions"}],"predecessor-version":[{"id":49359,"href":"http:\/\/informeformosa.com.ar\/index.php?rest_route=\/wp\/v2\/posts\/49347\/revisions\/49359"}],"wp:featuredmedia":[{"embeddable":true,"href":"http:\/\/informeformosa.com.ar\/index.php?rest_route=\/wp\/v2\/media\/49358"}],"wp:attachment":[{"href":"http:\/\/informeformosa.com.ar\/index.php?rest_route=%2Fwp%2Fv2%2Fmedia&parent=49347"}],"wp:term":[{"taxonomy":"category","embeddable":true,"href":"http:\/\/informeformosa.com.ar\/index.php?rest_route=%2Fwp%2Fv2%2Fcategories&post=49347"},{"taxonomy":"post_tag","embeddable":true,"href":"http:\/\/informeformosa.com.ar\/index.php?rest_route=%2Fwp%2Fv2%2Ftags&post=49347"}],"curies":[{"name":"wp","href":"https:\/\/api.w.org\/{rel}","templated":true}]}}