{"id":49345,"date":"2020-09-02T21:54:06","date_gmt":"2020-09-03T00:54:06","guid":{"rendered":"http:\/\/informeformosa.com.ar\/?p=49345"},"modified":"2020-09-02T21:54:09","modified_gmt":"2020-09-03T00:54:09","slug":"recursos-humanos-acentua-su-accionar-brindando-nuevas-capacitaciones-para-empleados-publicos","status":"publish","type":"post","link":"http:\/\/informeformosa.com.ar\/?p=49345","title":{"rendered":"Recursos Humanos acent\u00faa su accionar brindando nuevas capacitaciones para empleados p\u00fablicos"},"content":{"rendered":"\n<p>Desde el inicio del aislamiento social, preventivo y obligatorio dispuesto por la pandemia, la Subsecretar\u00eda de Recursos Humanos, dependiente de la Jefatura de Gabinete de Ministros del Gobierno provincial, viene desarrollando m\u00faltiples acciones que abarcan capacitaciones virtuales para los agentes de la Administraci\u00f3n P\u00fablica.<\/p>\n\n\n\n<p>As\u00ed lo manifest\u00f3 la subsecretaria de RRHH, la licenciada Gladis Mazza, en declaraciones a <a><strong>AGENFOR<\/strong><\/a>.<\/p>\n\n\n\n<p>\u201cEstamos redoblando los esfuerzos, llegando cada vez a m\u00e1s personas. Con mucha alegr\u00eda porque vamos encontrando que los empleados p\u00fablicos est\u00e1n m\u00e1s dispuestos y abiertos a tomar estas formas nuevas de la formaci\u00f3n y la capacitaci\u00f3n validando los canales de Internet, a trav\u00e9s de las plataformas de videoconferencias y las aulas virtuales\u201d, dijo.<\/p>\n\n\n\n<p>En esa l\u00ednea, coment\u00f3 que la semana pasada se llev\u00f3 a cabo una capacitaci\u00f3n virtual sobre plataformas de videoconferencias grupales a trav\u00e9s de JitsiMeet, que es similar a la tan utilizada Zoom.<\/p>\n\n\n\n<p>\u201cEllo se enmarca en el ciclo de capacitaciones virtuales que venimos desarrollando desde que se inici\u00f3 la cuarentena, con el cometido de poder encontrarnos, compartir y vivenciar usando estas tecnolog\u00edas que son sencillas\u201d, expuso la funcionaria.<\/p>\n\n\n\n<p>Apunt\u00f3 que en ese marco \u201cse brindan tips para tener en cuenta, ya sea si nos conectamos desde las computadoras de nuestras casas o los celulares, es decir peque\u00f1as pautas que hacen a utilizar mejor la herramienta\u201d.<\/p>\n\n\n\n<p>\u201cHay que aprovechar estas oportunidades que de manera gratuita ponemos a disposici\u00f3n del empleado p\u00fablico, con el objetivo de que una vez que se sepan utilizar estos medios se puedan acceder a capacitaciones de mayor contenido y m\u00e1s espec\u00edficas\u201d, acentu\u00f3.<\/p>\n\n\n\n<p><strong>Laish\u00ed<\/strong><\/p>\n\n\n\n<p>A su vez, la licenciada Mazza resalt\u00f3 que \u201cen Misi\u00f3n Laish\u00ed estamos haciendo una experiencia que nos llena de mucha satisfacci\u00f3n, primeramente por la confianza que el Ministerio de Desarrollo Humano ha puesto en nosotros, ya que en el hospital de la localidad estamos capacitando a la totalidad del personal en calidad de atenci\u00f3n al p\u00fablico\u201d.<\/p>\n\n\n\n<p>\u201cLa capacitaci\u00f3n es de dos meses, totalmente virtual, con dos horas semanales de entrenamiento, ex\u00e1menes y todo lo que se requiere\u201d, destac\u00f3, marcando que \u201cla UPSTI tambi\u00e9n nos ha dado una mano muy importante en ampliar el ancho de banda del nosocomio para que puedan tener mejor se\u00f1al\u201d.<\/p>\n\n\n\n<p>Seg\u00fan enfatiz\u00f3, \u201cla experiencia tiene que ver con usar los canales virtuales que tenemos disponibles, brindando este soporte a los trabajadores, trabajando en equipo en tiempos de crisis, ayud\u00e1ndonos unos a otros y sosteniendo la calidad de los servicios que brinda la Administraci\u00f3n P\u00fablica\u201d, concluy\u00f3.<\/p>\n","protected":false},"excerpt":{"rendered":"<p>Desde el inicio del aislamiento social, preventivo y obligatorio dispuesto por la pandemia, la Subsecretar\u00eda de Recursos Humanos, dependiente de la Jefatura de Gabinete de Ministros del Gobierno provincial, viene desarrollando m\u00faltiples acciones que abarcan capacitaciones virtuales para los agentes de la Administraci\u00f3n P\u00fablica. As\u00ed lo manifest\u00f3 la subsecretaria de RRHH, la licenciada Gladis Mazza, [&hellip;]<\/p>\n","protected":false},"author":11,"featured_media":49354,"comment_status":"closed","ping_status":"closed","sticky":false,"template":"","format":"standard","meta":{"footnotes":""},"categories":[2],"tags":[],"class_list":["post-49345","post","type-post","status-publish","format-standard","has-post-thumbnail","hentry","category-locales"],"_links":{"self":[{"href":"http:\/\/informeformosa.com.ar\/index.php?rest_route=\/wp\/v2\/posts\/49345","targetHints":{"allow":["GET"]}}],"collection":[{"href":"http:\/\/informeformosa.com.ar\/index.php?rest_route=\/wp\/v2\/posts"}],"about":[{"href":"http:\/\/informeformosa.com.ar\/index.php?rest_route=\/wp\/v2\/types\/post"}],"author":[{"embeddable":true,"href":"http:\/\/informeformosa.com.ar\/index.php?rest_route=\/wp\/v2\/users\/11"}],"replies":[{"embeddable":true,"href":"http:\/\/informeformosa.com.ar\/index.php?rest_route=%2Fwp%2Fv2%2Fcomments&post=49345"}],"version-history":[{"count":1,"href":"http:\/\/informeformosa.com.ar\/index.php?rest_route=\/wp\/v2\/posts\/49345\/revisions"}],"predecessor-version":[{"id":49355,"href":"http:\/\/informeformosa.com.ar\/index.php?rest_route=\/wp\/v2\/posts\/49345\/revisions\/49355"}],"wp:featuredmedia":[{"embeddable":true,"href":"http:\/\/informeformosa.com.ar\/index.php?rest_route=\/wp\/v2\/media\/49354"}],"wp:attachment":[{"href":"http:\/\/informeformosa.com.ar\/index.php?rest_route=%2Fwp%2Fv2%2Fmedia&parent=49345"}],"wp:term":[{"taxonomy":"category","embeddable":true,"href":"http:\/\/informeformosa.com.ar\/index.php?rest_route=%2Fwp%2Fv2%2Fcategories&post=49345"},{"taxonomy":"post_tag","embeddable":true,"href":"http:\/\/informeformosa.com.ar\/index.php?rest_route=%2Fwp%2Fv2%2Ftags&post=49345"}],"curies":[{"name":"wp","href":"https:\/\/api.w.org\/{rel}","templated":true}]}}