{"id":49341,"date":"2020-09-02T21:52:33","date_gmt":"2020-09-03T00:52:33","guid":{"rendered":"http:\/\/informeformosa.com.ar\/?p=49341"},"modified":"2020-09-02T21:52:36","modified_gmt":"2020-09-03T00:52:36","slug":"equipo-del-hospital-de-palo-santo-recibio-un-nuevo-entrenamiento-para-el-manejo-de-pacientes-covid-19","status":"publish","type":"post","link":"http:\/\/informeformosa.com.ar\/?p=49341","title":{"rendered":"Equipo del hospital de Palo Santo recibi\u00f3 un nuevo entrenamiento para el manejo de pacientes COVID \u2013 19"},"content":{"rendered":"\n<p>En una nueva instancia de capacitaciones, llevada adelante para los efectores de la provincia, con el objetivo de adiestrar al personal de salud en el manejo de pacientes de COVID \u2013 19, tuvo lugar un taller destinado a profesionales y agentes del hospital de Palo Santo.<\/p>\n\n\n\n<p>\u201cCon modalidad te\u00f3rico \u2013 pr\u00e1ctico se reforz\u00f3, una vez m\u00e1s, sobre el uso correcto de los elementos de protecci\u00f3n personal (E.P.P.), centr\u00e1ndonos en qu\u00e9 momentos debe usarse cada uno, para cada pr\u00e1ctica que debemos hacer con los pacientes; y sobre todo la colocaci\u00f3n, retiro y desecho de los mismos, ya que, debe hacerse bajo un protocolo estricto para evitar contagios\u201d, explicaron los referentes a cargo de la capacitaci\u00f3n.<\/p>\n\n\n\n<p>En tal sentido, insistieron en la utilizaci\u00f3n adecuada de guantes, barbijos, camisolines, cofias, gafas, m\u00e1scaras y dem\u00e1s elementos necesarios para la atenci\u00f3n de los pacientes \u201csean sospechosos o positivos\u201d, los cuales est\u00e1n destinados a proteger al personal sanitario de una probable contaminaci\u00f3n del virus, \u201cevitando a su vez, la transmisi\u00f3n a otros pacientes\u201d, puntualizaron.<\/p>\n\n\n\n<p><em>Higiene de superficies<\/em><\/p>\n\n\n\n<p>Por otra parte, en la misma jornada, se realiz\u00f3 el repaso de la limpieza e higiene de las superficies, recalcando que \u201cla limpieza ayuda a eliminar los agentes infecciosos, como es el caso de este virus. Reduce considerablemente su concentraci\u00f3n en las superficies contaminadas y, por ello, es un componente indispensable para los m\u00e9todos de desinfecci\u00f3n\u201d.<\/p>\n\n\n\n<p>Se dieron con precisi\u00f3n los pasos que deben seguirse para limpiarlas con agua, jab\u00f3n, detergente o las soluciones recomendadas para estos casos; y c\u00f3mo debe hacerse el cepillado o frotado de las mismas, para retirar cualquier resto de materia org\u00e1nica como sangre o secreciones.<\/p>\n\n\n\n<p><em>Manejo de las ropas sucias y de los residuos<\/em><\/p>\n\n\n\n<p>En la misma l\u00ednea se brindaron las recomendaciones para el manejo adecuado de las ropas sucias \u201cque pueden estar contaminadas\u201d y por eso requieren de \u201cun manejo espec\u00edfico al momento del contacto con las mismas\u201d.<\/p>\n\n\n\n<p>Del mismo modo, se procedi\u00f3 a las indicaciones puntuales para el manejo y recolecci\u00f3n de residuos que pudieran entrar en contacto con el virus. Al respecto, dieron las indicaciones de \u201cc\u00f3mo y d\u00f3nde deben desecharse; es decir, en qu\u00e9 tipo de bolsas y recipientes recolectores. C\u00f3mo deben recogerse y eliminarse, y los elementos de protecci\u00f3n que deben usarse para estos \u00faltimos pasos\u201d.<\/p>\n\n\n\n<p>Sobre el entrenamiento que viene recibiendo el personal de salud desde principios de la pandemia y la declarada emergencia sanitaria, valoraron que todos los contenidos de las capacitaciones son claves para resguardar la salud, \u201ctanto del equipo m\u00e9dico, como de los pacientes\u201d.<\/p>\n\n\n\n<p>\u201cUso correcto de los E.P.P., las normas de bioseguridad, y los protocolos en general, son temas que venimos actualizando de manera permanente. Todos son necesarios, no solo para extremar los cuidados de la salud, sino tambi\u00e9n para continuar manteniendo la situaci\u00f3n favorable que viene teniendo nuestra provincia, respecto a esta enfermedad que azota al mundo entero, a las provincias vecinas y a los pa\u00edses lim\u00edtrofes\u201d, subrayaron.<\/p>\n","protected":false},"excerpt":{"rendered":"<p>En una nueva instancia de capacitaciones, llevada adelante para los efectores de la provincia, con el objetivo de adiestrar al personal de salud en el manejo de pacientes de COVID \u2013 19, tuvo lugar un taller destinado a profesionales y agentes del hospital de Palo Santo. \u201cCon modalidad te\u00f3rico \u2013 pr\u00e1ctico se reforz\u00f3, una vez [&hellip;]<\/p>\n","protected":false},"author":11,"featured_media":49352,"comment_status":"closed","ping_status":"closed","sticky":false,"template":"","format":"standard","meta":{"footnotes":""},"categories":[11],"tags":[],"class_list":["post-49341","post","type-post","status-publish","format-standard","has-post-thumbnail","hentry","category-interior"],"_links":{"self":[{"href":"http:\/\/informeformosa.com.ar\/index.php?rest_route=\/wp\/v2\/posts\/49341","targetHints":{"allow":["GET"]}}],"collection":[{"href":"http:\/\/informeformosa.com.ar\/index.php?rest_route=\/wp\/v2\/posts"}],"about":[{"href":"http:\/\/informeformosa.com.ar\/index.php?rest_route=\/wp\/v2\/types\/post"}],"author":[{"embeddable":true,"href":"http:\/\/informeformosa.com.ar\/index.php?rest_route=\/wp\/v2\/users\/11"}],"replies":[{"embeddable":true,"href":"http:\/\/informeformosa.com.ar\/index.php?rest_route=%2Fwp%2Fv2%2Fcomments&post=49341"}],"version-history":[{"count":1,"href":"http:\/\/informeformosa.com.ar\/index.php?rest_route=\/wp\/v2\/posts\/49341\/revisions"}],"predecessor-version":[{"id":49353,"href":"http:\/\/informeformosa.com.ar\/index.php?rest_route=\/wp\/v2\/posts\/49341\/revisions\/49353"}],"wp:featuredmedia":[{"embeddable":true,"href":"http:\/\/informeformosa.com.ar\/index.php?rest_route=\/wp\/v2\/media\/49352"}],"wp:attachment":[{"href":"http:\/\/informeformosa.com.ar\/index.php?rest_route=%2Fwp%2Fv2%2Fmedia&parent=49341"}],"wp:term":[{"taxonomy":"category","embeddable":true,"href":"http:\/\/informeformosa.com.ar\/index.php?rest_route=%2Fwp%2Fv2%2Fcategories&post=49341"},{"taxonomy":"post_tag","embeddable":true,"href":"http:\/\/informeformosa.com.ar\/index.php?rest_route=%2Fwp%2Fv2%2Ftags&post=49341"}],"curies":[{"name":"wp","href":"https:\/\/api.w.org\/{rel}","templated":true}]}}