{"id":49340,"date":"2020-09-02T21:51:47","date_gmt":"2020-09-03T00:51:47","guid":{"rendered":"http:\/\/informeformosa.com.ar\/?p=49340"},"modified":"2020-09-02T21:51:49","modified_gmt":"2020-09-03T00:51:49","slug":"fernandez-patri-estoy-convencido-que-este-proyecto-de-asistencia-al-turismo-fue-muy-esperado","status":"publish","type":"post","link":"http:\/\/informeformosa.com.ar\/?p=49340","title":{"rendered":"Fern\u00e1ndez Patri: \u201cEstoy convencido que este proyecto de asistencia al turismo fue muy esperado\u201d"},"content":{"rendered":"\n<p>La C\u00e1mara de Diputados aprob\u00f3 esta madrugada el proyecto de Sostenimiento y Reactivaci\u00f3n Productiva de la Actividad Tur\u00edstica Nacional, que contempla reducciones impositivas y previsionales, prorroga el reparto de ATP para el pago de salarios y establece un sistema de compensaci\u00f3n del 50 por ciento en la preventa de los paquetes tur\u00edsticos que se adquieran para el 2021.<\/p>\n\n\n\n<p>El debate se realiz\u00f3 sin la participaci\u00f3n de los diputados de Juntos por el Cambio que se retiraron del recinto de sesiones luego de casi seis horas de expresiones pol\u00edticas sobre el funcionamiento virtual del cuerpo, ya que consideraron que la sesi\u00f3n no era v\u00e1lida porque argumentaron que no estaba vigente el sistema telem\u00e1tico.<\/p>\n\n\n\n<p>El diputado formose\u00f1o del Frente de Todos, Ramiro Fern\u00e1ndez Patri, asegur\u00f3 que \u00abes un proyecto muy esperado y los diputados que no est\u00e1n ac\u00e1 no s\u00e9 c\u00f3mo van hacer para mirar a los ojos a un mozo, a un transportista, a un gu\u00eda de turismo, que estaban esperando con ansias esta ley\u00bb.<\/p>\n\n\n\n<p>\u00abEn estos cinco meses, hemos estado debatiendo la necesidad de una ley para el sector tur\u00edstico. El Poder Ejecutivo Nacional no le ha soltado la mano, ha estado trabajando junto a ellos, c\u00f3mo han estado trabajando muchos gobernadores e intendentes, con herramientas concretas para el sector, lo que hoy venimos a presentar es el fruto de muchas reuniones de trabajo, con los representantes de todas las c\u00e1maras y asociaciones, con los gobernadores, con los ministros y secretarios de turismo de todas las provincias\u00bb, enfatiz\u00f3 Fern\u00e1ndez Patri en su intervenci\u00f3n.<\/p>\n\n\n\n<p>En su discurso, el legislador oficialista destac\u00f3 tambi\u00e9n que hubo en el Senado ocho proyectos del oficialismo y la oposici\u00f3n y otros trece en Diputados y se\u00f1al\u00f3 que \u00e9sta \u00abno ser\u00e1 la mejor ley o la m\u00e1s completa, pero es la mejor ley posible en este momento sobre todo porque los tiempos apremian y el sector est\u00e1 esperando respuestas concretas, tambi\u00e9n estamos seguros de que vamos a alcanzar con medidas posteriores a los distintos eslabones de la cadena que no est\u00e1n contemplados en este proyecto\u201d.<\/p>\n\n\n\n<p>El proyecto aprobado esta madrugada prorroga para el sector tur\u00edstico el reparto del ATP, asistencias econ\u00f3micas a pymes, la reducci\u00f3n de contribuciones patronales, planes de moratoria, suspensi\u00f3n de embargos, reducci\u00f3n de al\u00edcuotas de la ley del cheque; as\u00ed como bonos vacacionales para los consumidores, programas de pre venta y un plan de devoluciones de servicios que no pudieron ser brindados.<\/p>\n\n\n\n<p>Uno de los puntos claves es que contempla una compensaci\u00f3n de un cr\u00e9dito del 50 por ciento por parte del Estado Nacional a los turistas que compren un paquete que lo podr\u00e1n utilizar en ese viaje u otro que realicen a lo largo del 2021.<\/p>\n\n\n\n<p>Sobre este punto, Fern\u00e1ndez Patri puso en valor el aporte que har\u00e1 el Estado de otorgar un 50 por ciento del valor a \u00ablos paquetes de preventa que se adquieran este a\u00f1o para volver a utilizarlo en ese destino u otro el pr\u00f3ximo a\u00f1o para fomentar el turismo\u00bb.<\/p>\n\n\n\n<p>De acuerdo a la iniciativa se beneficiar\u00e1n con esta ley los servicios de alojamiento, las agencias de viaje, el transporte, los servicios de licenciados en turismo, los centros tur\u00edsticos, los alquileres de bienes, las bodegas, jardines bot\u00e1nicos, zool\u00f3gicos, parques, organizaciones de ferias y congresos, gastronom\u00eda, servicios de salones, productos regionales y producci\u00f3n de espect\u00e1culos.<\/p>\n\n\n\n<p>Se extiende, adem\u00e1s, por 180 d\u00edas el plazo para pagar los impuestos que graven el patrimonio, los capitales o las ganancias cuyos vencimientos operen hasta el 31 de diciembre de 2020.<\/p>\n\n\n\n<p>Tambi\u00e9n se suspende por 180 d\u00edas prorrogables por igual t\u00e9rmino la traba de cualquier tipo de medida cautelar a requerimiento de la Administraci\u00f3n Federal de Ingresos P\u00fablicos (AFIP) y\/o la Administraci\u00f3n Nacional de la Seguridad Social.<\/p>\n\n\n\n<p>Adem\u00e1s, encomienda al Banco Central de la Rep\u00fablica Argentina a establecer l\u00edneas crediticias subsidiadas tanto para el sector privado como para aquellos municipios donde el turismo constituya su principal actividad econ\u00f3mica.<\/p>\n","protected":false},"excerpt":{"rendered":"<p>La C\u00e1mara de Diputados aprob\u00f3 esta madrugada el proyecto de Sostenimiento y Reactivaci\u00f3n Productiva de la Actividad Tur\u00edstica Nacional, que contempla reducciones impositivas y previsionales, prorroga el reparto de ATP para el pago de salarios y establece un sistema de compensaci\u00f3n del 50 por ciento en la preventa de los paquetes tur\u00edsticos que se adquieran [&hellip;]<\/p>\n","protected":false},"author":11,"featured_media":49350,"comment_status":"closed","ping_status":"closed","sticky":false,"template":"","format":"standard","meta":{"footnotes":""},"categories":[6],"tags":[],"class_list":["post-49340","post","type-post","status-publish","format-standard","has-post-thumbnail","hentry","category-nacionales"],"_links":{"self":[{"href":"http:\/\/informeformosa.com.ar\/index.php?rest_route=\/wp\/v2\/posts\/49340","targetHints":{"allow":["GET"]}}],"collection":[{"href":"http:\/\/informeformosa.com.ar\/index.php?rest_route=\/wp\/v2\/posts"}],"about":[{"href":"http:\/\/informeformosa.com.ar\/index.php?rest_route=\/wp\/v2\/types\/post"}],"author":[{"embeddable":true,"href":"http:\/\/informeformosa.com.ar\/index.php?rest_route=\/wp\/v2\/users\/11"}],"replies":[{"embeddable":true,"href":"http:\/\/informeformosa.com.ar\/index.php?rest_route=%2Fwp%2Fv2%2Fcomments&post=49340"}],"version-history":[{"count":1,"href":"http:\/\/informeformosa.com.ar\/index.php?rest_route=\/wp\/v2\/posts\/49340\/revisions"}],"predecessor-version":[{"id":49351,"href":"http:\/\/informeformosa.com.ar\/index.php?rest_route=\/wp\/v2\/posts\/49340\/revisions\/49351"}],"wp:featuredmedia":[{"embeddable":true,"href":"http:\/\/informeformosa.com.ar\/index.php?rest_route=\/wp\/v2\/media\/49350"}],"wp:attachment":[{"href":"http:\/\/informeformosa.com.ar\/index.php?rest_route=%2Fwp%2Fv2%2Fmedia&parent=49340"}],"wp:term":[{"taxonomy":"category","embeddable":true,"href":"http:\/\/informeformosa.com.ar\/index.php?rest_route=%2Fwp%2Fv2%2Fcategories&post=49340"},{"taxonomy":"post_tag","embeddable":true,"href":"http:\/\/informeformosa.com.ar\/index.php?rest_route=%2Fwp%2Fv2%2Ftags&post=49340"}],"curies":[{"name":"wp","href":"https:\/\/api.w.org\/{rel}","templated":true}]}}