{"id":49339,"date":"2020-09-02T21:48:27","date_gmt":"2020-09-03T00:48:27","guid":{"rendered":"http:\/\/informeformosa.com.ar\/?p=49339"},"modified":"2020-09-02T21:48:30","modified_gmt":"2020-09-03T00:48:30","slug":"antueno-de-esta-crisis-se-sale-produciendo-priorizando-el-trabajo-y-la-industria-nacional","status":"publish","type":"post","link":"http:\/\/informeformosa.com.ar\/?p=49339","title":{"rendered":"Antueno: \u201cDe esta crisis se sale produciendo,  priorizando el trabajo y la industria nacional\u201d"},"content":{"rendered":"\n<p>El presidente de la Uni\u00f3n Industrial de Formosa, Jorge Antueno, resalt\u00f3 que la Argentina supo ser uno de los primeros pa\u00edses en desarrollo del mundo, exhibiendo un nivel industrial y tecnol\u00f3gico de punta gracias a la llegada de los inmigrantes europeos que generaron un gran aporte, y record\u00f3 que este 2 de septiembre se conmemora el D\u00eda de la Industria Nacional por la primera exportaci\u00f3n de materias prima en el a\u00f1o 1587.&nbsp;<\/p>\n\n\n\n<p>En este sentido, contextualiz\u00f3 la realidad que vive el sector desde la gesti\u00f3n del expresidente Mauricio Macri, al afirmar: \u201cDesde el punto de vista econ\u00f3mico actual, los tres \u00faltimos a\u00f1os fueron muy dif\u00edciles, con una macroeconom\u00eda ingobernable que ha llevado a miles de Pymes a una situaci\u00f3n de profunda crisis en la que se multiplic\u00f3 la deuda, se devalu\u00f3 pronunciadamente con tasas de inter\u00e9s confiscatorias, aumento del desempleo, descenso del consumo, suba exponencial de la inflaci\u00f3n, ausencia total del cr\u00e9dito, presi\u00f3n impositiva (entre las m\u00e1s altas del mundo), elevados costos de los servicios. En este contexto la actividad industrial la tuvo que remar y, en estas condiciones, se hizo cada vez m\u00e1s dif\u00edcil pensar en producir\u201d.<\/p>\n\n\n\n<p>Resalt\u00f3 el \u201cesp\u00edritu creativo\u201d que tuvieron las peque\u00f1as y medianas empresas para sobrevivir en aquella realidad, a lo que se suma en el presente la pandemia de coronavirus.&nbsp;<\/p>\n\n\n\n<p>\u201cEl golpe que la pandemia asest\u00f3 contra la econom\u00eda argentina es muy duro, ven\u00edamos de una situaci\u00f3n delicada, con una proyecci\u00f3n al crecimiento de nuestro PBI de 1,5 % para \u00e9ste a\u00f1o, como arrastre del resultado econ\u00f3mico de 2019 y con el Covid \u2013 19, \u00e9sas proyecciones se derrumbaron al 9,5 % negativo, lo que nos vaticina la profundizaci\u00f3n de la recesi\u00f3n\u201d, subray\u00f3 el titular de la Uni\u00f3n Industrial.<\/p>\n\n\n\n<p>Se\u00f1al\u00f3 que la capacidad del sector instalada en el pa\u00eds funciona a menos del 50% y que debido a ello, \u201cel hambre y el sufrimiento de los argentinos se expande como se expandi\u00f3 el virus\u201d, por lo que tener industria hoy, es b\u00e1sicamente una decisi\u00f3n pol\u00edtica.<\/p>\n\n\n\n<p>En este marco, subray\u00f3 que Argentina integra una treintena de pa\u00edses con una densidad industrial considerable y que \u201cest\u00e1 en el \u00faltimo pelot\u00f3n de esa treintena pero tiene todas las condiciones en la articulaci\u00f3n que nosotros creemos es lo que te lleva al desarrollo, que es la dotaci\u00f3n de recursos naturales, con la agregaci\u00f3n de valor de nuestra industria manufacturera, soportado sobre y vinculado con nuestro denso sistema cient\u00edfico tecnol\u00f3gico\u201d.<\/p>\n\n\n\n<p>En este contexto, el empresario industrial asegur\u00f3 que \u201cel pa\u00eds est\u00e1 ante una oportunidad \u00fanica para realizar un cambio profundo y avanzar seriamente en el camino del desarrollo y en ese proceso es fundamental el rol que aporta la industria, generando valor y empleo en todo el pa\u00eds, creando relaciones que hacen a nuestro entramado econ\u00f3mico y social\u201d.<\/p>\n\n\n\n<p>Seg\u00fan Antueno, para que ello suceda \u201cse debe aprovechar toda la fuerza de nuestra industria y del resto de los sectores econ\u00f3micos y pol\u00edticos del pa\u00eds, siendo clave trabajar juntos en los consensos de largo plazo que nos permitan desplegar todo nuestro potencial en el mundo\u201d.<\/p>\n\n\n\n<p>Consider\u00f3 que a pesar de los antecedentes de crisis que presenta Argentina, la industria nacional logr\u00f3 alcanzar una din\u00e1mica productiva diversificada que le permite involucrar a sectores cada vez m\u00e1s amplios de la actividad econ\u00f3mica. \u201cEsas crisis le han dado a la industria una flexibilidad y un poder de adaptaci\u00f3n a las circunstancias que no se ve en otras partes del mundo, sin dudas es mucho m\u00e1s lo que podr\u00edamos lograr en un clima de estabilidad y previsibilidad, planificando e invirtiendo para producir m\u00e1s y mejor\u201d, vaticin\u00f3.<\/p>\n\n\n\n<p><strong>UNINOA<\/strong><\/p>\n\n\n\n<p>Por otra parte, Antueno mencion\u00f3 como surgieron las acciones conjuntas entre el NEA&nbsp; NOA del pa\u00eds a causa de una lucha mancomunada.<\/p>\n\n\n\n<p>En un principio estim\u00f3 que en Formosa, \u201chay m\u00e1s de trescientas empresas vinculadas al sector industrial y solo en el Parque Industrial hay 47 empresas radicadas de diferentes rubros y m\u00e1s de 10 en proceso de radicaci\u00f3n, quienes dan trabajo en forma directa a m\u00e1s de 700 personas, por lo que desde la Uni\u00f3n Industrial de Formosa se trabaja de manera articulada con las instituciones p\u00fablicas y privadas para tratar de lograr el desarrollo y el crecimiento de las mismas\u201d.<\/p>\n\n\n\n<p>Lament\u00f3 que en la gesti\u00f3n nacional anterior se haya desindustrializado el pa\u00eds y destruido las econom\u00edas regionales con la desfederalizaci\u00f3n de la Argentina, lo que trajo como consecuencia que \u201cla UIF y las diez entidades del sector industrial del NEA y NOA nos unamos para desarrollar acciones conjuntas en reclamo de soluciones o beneficios que nos quit\u00f3 el gobierno de Macri, como el Decreto 814\/2001, que generaba beneficios impositivos y laborales\u201d.&nbsp;<\/p>\n\n\n\n<p>En este clima, coment\u00f3 que naci\u00f3 el UNINOA (Uniones Industriales del Noroeste m\u00e1s el Noreste Argentino), con el fin de avanzar en el an\u00e1lisis y la b\u00fasqueda de soluciones desde una visi\u00f3n pol\u00edtica Federal e integral para el sector industrial del NEA.&nbsp;<\/p>\n\n\n\n<p>En tal sentido, se\u00f1al\u00f3 que en la provincia, el sector reclam\u00f3 a Naci\u00f3n por obras estrat\u00e9gicas para el desarrollo de Formosa, como la reactivaci\u00f3n y puesta en marcha del ramal ferroviario C-25 \u201cBelgrano Cargas\u201d, el inicio del Acueducto Formosa (Aguas sociales y productivas R\u00edo Paraguay), la culminaci\u00f3n del Polo Cient\u00edfico Tecnol\u00f3gico y de Innovaci\u00f3n Formosa como tambi\u00e9n la culminaci\u00f3n del Gasoducto del Noreste Argentino.<\/p>\n\n\n\n<p>\u201cHay que poner en marcha el pa\u00eds que queremos, el del desarrollo productivo en el que se desplieguen todas las fuerzas y las capacidades que tenemos en el sector primario, en la industria manufacturera, en el comercio y en el sector de los servicios. Abrazamos la causa de la industria nacional pero entendemos no podemos darnos el lujo de perder ninguna de nuestras grandes potencias\u201d, afirm\u00f3 Jorge Antueno.<\/p>\n\n\n\n<p><strong>R\u00e9gimen especial<\/strong><\/p>\n\n\n\n<p><strong>Para Pymes<\/strong><\/p>\n\n\n\n<p>Propuso, adem\u00e1s, que se deber\u00eda \u201ccontar con un r\u00e9gimen especial para las Pymes, con l\u00edneas de cr\u00e9ditos a tasas diferenciadas que permitan restituir el capital de trabajo y estar preparados para cuando se inicie el proceso de recuperaci\u00f3n de la econom\u00eda, la reactivaci\u00f3n del mercado interno y la eliminaci\u00f3n de los impuestos a las exportaciones con valor agregado que nos permitan insertarnos en el mercado internacional\u201d.<\/p>\n\n\n\n<p>Sobre el final, advirti\u00f3 que \u201ctodo nuevo gobierno genera expectativas, el sector tiene potencial y propuestas, ojal\u00e1 prime el di\u00e1logo y el trabajo mancomunado para lograr el desarrollo integral del sector industrial. Es el momento de hacer realidad esta potencialidad, focaliz\u00e1ndonos en crecer, generar riqueza y avanzar en el marco de la globalizaci\u00f3n para vender al resto del mundo nuestra producci\u00f3n, nuestro talento y nuestra inventiva\u201d.<\/p>\n","protected":false},"excerpt":{"rendered":"<p>El presidente de la Uni\u00f3n Industrial de Formosa, Jorge Antueno, resalt\u00f3 que la Argentina supo ser uno de los primeros pa\u00edses en desarrollo del mundo, exhibiendo un nivel industrial y tecnol\u00f3gico de punta gracias a la llegada de los inmigrantes europeos que generaron un gran aporte, y record\u00f3 que este 2 de septiembre se conmemora [&hellip;]<\/p>\n","protected":false},"author":11,"featured_media":49348,"comment_status":"closed","ping_status":"closed","sticky":false,"template":"","format":"standard","meta":{"footnotes":""},"categories":[2],"tags":[],"class_list":["post-49339","post","type-post","status-publish","format-standard","has-post-thumbnail","hentry","category-locales"],"_links":{"self":[{"href":"http:\/\/informeformosa.com.ar\/index.php?rest_route=\/wp\/v2\/posts\/49339","targetHints":{"allow":["GET"]}}],"collection":[{"href":"http:\/\/informeformosa.com.ar\/index.php?rest_route=\/wp\/v2\/posts"}],"about":[{"href":"http:\/\/informeformosa.com.ar\/index.php?rest_route=\/wp\/v2\/types\/post"}],"author":[{"embeddable":true,"href":"http:\/\/informeformosa.com.ar\/index.php?rest_route=\/wp\/v2\/users\/11"}],"replies":[{"embeddable":true,"href":"http:\/\/informeformosa.com.ar\/index.php?rest_route=%2Fwp%2Fv2%2Fcomments&post=49339"}],"version-history":[{"count":1,"href":"http:\/\/informeformosa.com.ar\/index.php?rest_route=\/wp\/v2\/posts\/49339\/revisions"}],"predecessor-version":[{"id":49349,"href":"http:\/\/informeformosa.com.ar\/index.php?rest_route=\/wp\/v2\/posts\/49339\/revisions\/49349"}],"wp:featuredmedia":[{"embeddable":true,"href":"http:\/\/informeformosa.com.ar\/index.php?rest_route=\/wp\/v2\/media\/49348"}],"wp:attachment":[{"href":"http:\/\/informeformosa.com.ar\/index.php?rest_route=%2Fwp%2Fv2%2Fmedia&parent=49339"}],"wp:term":[{"taxonomy":"category","embeddable":true,"href":"http:\/\/informeformosa.com.ar\/index.php?rest_route=%2Fwp%2Fv2%2Fcategories&post=49339"},{"taxonomy":"post_tag","embeddable":true,"href":"http:\/\/informeformosa.com.ar\/index.php?rest_route=%2Fwp%2Fv2%2Ftags&post=49339"}],"curies":[{"name":"wp","href":"https:\/\/api.w.org\/{rel}","templated":true}]}}