{"id":49327,"date":"2020-09-01T21:22:37","date_gmt":"2020-09-02T00:22:37","guid":{"rendered":"http:\/\/informeformosa.com.ar\/?p=49327"},"modified":"2020-09-01T21:22:40","modified_gmt":"2020-09-02T00:22:40","slug":"precios-maximos-en-formosa-estan-incluidos-mas-de-1200-articulos","status":"publish","type":"post","link":"http:\/\/informeformosa.com.ar\/?p=49327","title":{"rendered":"Precios M\u00e1ximos: en Formosa est\u00e1n incluidos m\u00e1s de 1200 art\u00edculos"},"content":{"rendered":"\n<p>Desde la Subsecretar\u00eda de Defensa al Consumidor se har\u00e1 un seguimiento a la cadena de comercializaci\u00f3n para que respeten la medida dispuesta por el Gobierno nacional<\/p>\n\n\n\n<p>El Gobierno nacional, a trav\u00e9s de la resoluci\u00f3n 854\/2020 de la Secretar\u00eda de Comercio Interior, prorrog\u00f3 el programa de Precios M\u00e1ximos hasta el 31 de octubre pr\u00f3ximo.<\/p>\n\n\n\n<p>As\u00ed, los comercios deber\u00e1n mantener los valores vigentes al 6 de marzo \u00faltimo, por 60 d\u00edas, en el marco de las medidas para paliar la crisis por la pandemia de coronavirus en el pa\u00eds.<\/p>\n\n\n\n<p>As\u00ed lo ratific\u00f3 Edgar P\u00e9rez, funcionario a cargo de la Subsecretar\u00eda de Defensa al Consumidor y Usuario, al indicar que esta medida \u00abpermite que los argentinos y especialmente los formose\u00f1os tengamos la posibilidad de acceder a bienes b\u00e1sicos de consumo y alimentos, as\u00ed como art\u00edculos de higiene personal y limpieza, estableci\u00e9ndose valores m\u00e1ximos que en el caso de Formosa son m\u00e1s de 1200 art\u00edculos\u00bb.<\/p>\n\n\n\n<p>No obstante, aclar\u00f3 que el programa no se trata solamente de un listado de productos que lo publica el Gobierno Nacional, sino que tambi\u00e9n \u201calcanza a toda la cadena desde la producci\u00f3n con la industria de alimentos hasta el mercado o el almac\u00e9n de barrio que le vende al vecino, en cualquier localidad. Todo esto est\u00e1 regulado\u201d, remarc\u00f3.<\/p>\n\n\n\n<p>En ese marco, precis\u00f3 que mantuvo reuniones d\u00edas atr\u00e1s con representantes de la Federaci\u00f3n Econ\u00f3mica de Formosa (FEF), la CAPYMEF y algunos supermercadistas \u201cya que cuando el Estado interviene en el mercado de comercializaci\u00f3n siempre existen aquellos que acompa\u00f1an la medida y los que se oponen a ellas\u201d.<\/p>\n\n\n\n<p>En esa l\u00ednea, hizo hincapi\u00e9 en la importancia del fortalecimiento de los controles, sobre todo en aquellos que \u201ctienen mayor concentraci\u00f3n en el mercado\u201d para que cumplan con el programa de Precios M\u00e1ximos de referencia y de esa forma \u201cno afecten a los comerciantes\u201d, y \u00e9stos a su vez a los consumidores.<\/p>\n\n\n\n<p>Por ello, el funcionario provincial adelant\u00f3 que \u201cnos volveremos a reunir en los pr\u00f3ximos d\u00edas con las distintas c\u00e1maras para trabajar entre todos, y&nbsp; si hay alg\u00fan incumplimiento, tambi\u00e9n poner en conocimiento de las autoridades nacionales para que tomen intervenci\u00f3n\u00bb.<\/p>\n","protected":false},"excerpt":{"rendered":"<p>Desde la Subsecretar\u00eda de Defensa al Consumidor se har\u00e1 un seguimiento a la cadena de comercializaci\u00f3n para que respeten la medida dispuesta por el Gobierno nacional El Gobierno nacional, a trav\u00e9s de la resoluci\u00f3n 854\/2020 de la Secretar\u00eda de Comercio Interior, prorrog\u00f3 el programa de Precios M\u00e1ximos hasta el 31 de octubre pr\u00f3ximo. As\u00ed, los [&hellip;]<\/p>\n","protected":false},"author":11,"featured_media":49335,"comment_status":"closed","ping_status":"closed","sticky":false,"template":"","format":"standard","meta":{"footnotes":""},"categories":[2],"tags":[],"class_list":["post-49327","post","type-post","status-publish","format-standard","has-post-thumbnail","hentry","category-locales"],"_links":{"self":[{"href":"http:\/\/informeformosa.com.ar\/index.php?rest_route=\/wp\/v2\/posts\/49327","targetHints":{"allow":["GET"]}}],"collection":[{"href":"http:\/\/informeformosa.com.ar\/index.php?rest_route=\/wp\/v2\/posts"}],"about":[{"href":"http:\/\/informeformosa.com.ar\/index.php?rest_route=\/wp\/v2\/types\/post"}],"author":[{"embeddable":true,"href":"http:\/\/informeformosa.com.ar\/index.php?rest_route=\/wp\/v2\/users\/11"}],"replies":[{"embeddable":true,"href":"http:\/\/informeformosa.com.ar\/index.php?rest_route=%2Fwp%2Fv2%2Fcomments&post=49327"}],"version-history":[{"count":1,"href":"http:\/\/informeformosa.com.ar\/index.php?rest_route=\/wp\/v2\/posts\/49327\/revisions"}],"predecessor-version":[{"id":49336,"href":"http:\/\/informeformosa.com.ar\/index.php?rest_route=\/wp\/v2\/posts\/49327\/revisions\/49336"}],"wp:featuredmedia":[{"embeddable":true,"href":"http:\/\/informeformosa.com.ar\/index.php?rest_route=\/wp\/v2\/media\/49335"}],"wp:attachment":[{"href":"http:\/\/informeformosa.com.ar\/index.php?rest_route=%2Fwp%2Fv2%2Fmedia&parent=49327"}],"wp:term":[{"taxonomy":"category","embeddable":true,"href":"http:\/\/informeformosa.com.ar\/index.php?rest_route=%2Fwp%2Fv2%2Fcategories&post=49327"},{"taxonomy":"post_tag","embeddable":true,"href":"http:\/\/informeformosa.com.ar\/index.php?rest_route=%2Fwp%2Fv2%2Ftags&post=49327"}],"curies":[{"name":"wp","href":"https:\/\/api.w.org\/{rel}","templated":true}]}}