{"id":49320,"date":"2020-09-01T21:18:11","date_gmt":"2020-09-02T00:18:11","guid":{"rendered":"http:\/\/informeformosa.com.ar\/?p=49320"},"modified":"2020-09-01T21:18:15","modified_gmt":"2020-09-02T00:18:15","slug":"los-nueve-pacientes-internados-con-covid-19-se-encuentran-en-buen-estado-de-salud","status":"publish","type":"post","link":"http:\/\/informeformosa.com.ar\/?p=49320","title":{"rendered":"Los nueve pacientes internados con COVID-19  se encuentran en buen estado de salud"},"content":{"rendered":"\n<p>El subsecretario de Coordinaci\u00f3n del Ministerio de Desarrollo Humano, Dr. Edgar Abel Crocci, a cargo de la cartera sanitaria provincial, inform\u00f3 que los nueve pacientes internados en el Hospital de Contingencia COVID-19 \u2013que funciona en el Interdistrital Evita- se encuentran en buen estado de salud; no obstante, apel\u00f3 a la responsabilidad de toda la sociedad formose\u00f1a para evitar que exista circulaci\u00f3n viral comunitaria, tras los seis casos diagnosticados positivos en Clorinda y que llevaron al bloqueo preventivo en esa ciudad y la grave situaci\u00f3n sanitaria que se vive en la regi\u00f3n.<\/p>\n\n\n\n<p>Durante la conferencia de prensa de este martes del Consejo de Atenci\u00f3n Integral de la Emergencia COVID-19, el funcionario provincial brind\u00f3 precisiones sobre el estado de salud de los pacientes internados, seis mujeres y tres hombres, de los cuales siete presentan s\u00edntomas leves.<\/p>\n\n\n\n<p>\u00abEstos s\u00edntomas leves consisten en congesti\u00f3n nasal y cefalea; dos pacientes con falta de sensaci\u00f3n de gusto y olfato, y uno que tuvo un episodio aislado de fiebre. El estado general es bueno\u201d, precis\u00f3 el m\u00e9dico a cargo actualmente del MDH si bien admiti\u00f3 que la preocupaci\u00f3n mayor la constituye un paciente de 64 a\u00f1os, con antecedentes de tabaquismo y Enfermedad&nbsp; Pulmonar Obstructiva Cr\u00f3nica (EPOC), que se encuentra estable\u00bb.<\/p>\n\n\n\n<p>Asegur\u00f3 que el sistema sanitario est\u00e1 preparado ante cualquier eventualidad que pudiera presentarse, contando adem\u00e1s con plasma de pacientes recuperados, en caso de ser necesario para el hombre de 64 a\u00f1os, sin necesidad de recurrir a otra Provincia, a partir de la decisi\u00f3n del gobernador Gildo Insfr\u00e1n de fomentar la donaci\u00f3n y el tratamiento con plasma.<\/p>\n\n\n\n<p>El doctor Edgar Crocci asegur\u00f3 que la situaci\u00f3n est\u00e1 controlada pero no dej\u00f3 de advertir que esta enfermedad puede evolucionar r\u00e1pidamente a un cuadro grave. \u201cNo nos olvidemos de eso. Gracias a Dios hasta ahora tenemos cuadros cl\u00ednicos leves y controlables\u201d, consign\u00f3.<\/p>\n\n\n\n<p>\u201cCuid\u00e9monos. Porque al cuidarnos nosotros, estamos cuidando a nuestras familias y al cuidar las familias, estamos cuidando a toda la comunidad. Seamos responsables\u201d, exhort\u00f3 el m\u00e9dico y subray\u00f3 que todav\u00eda hay gente que no entiende la gravedad de la pandemia o no la quiere entender.<\/p>\n\n\n\n<p>Sobre la situaci\u00f3n puntual en Clorinda, manifest\u00f3 que era esperable a partir de la grave situaci\u00f3n que se da en Paraguay y las particularidades de la zona de frontera, por lo que el Consejo de Atenci\u00f3n Integral de la Emergencia envi\u00f3 al m\u00e9dico epidemi\u00f3logo Mario Romero Bruno y al m\u00e9dico infect\u00f3logo Juli\u00e1n Bibolini como as\u00ed a equipos de la UPAC para trabajar en el terreno.<\/p>\n\n\n\n<p>En tal sentido, se\u00f1al\u00f3 que \u201clos profesionales de la UPAC est\u00e1n buscando casos, tratando de anticiparnos para que si hay m\u00e1s casos positivos, sean los menos y que podamos evitar una circulaci\u00f3n vital comunitaria\u201d.<\/p>\n","protected":false},"excerpt":{"rendered":"<p>El subsecretario de Coordinaci\u00f3n del Ministerio de Desarrollo Humano, Dr. Edgar Abel Crocci, a cargo de la cartera sanitaria provincial, inform\u00f3 que los nueve pacientes internados en el Hospital de Contingencia COVID-19 \u2013que funciona en el Interdistrital Evita- se encuentran en buen estado de salud; no obstante, apel\u00f3 a la responsabilidad de toda la sociedad [&hellip;]<\/p>\n","protected":false},"author":11,"featured_media":49331,"comment_status":"closed","ping_status":"closed","sticky":false,"template":"","format":"standard","meta":{"footnotes":""},"categories":[12],"tags":[],"class_list":["post-49320","post","type-post","status-publish","format-standard","has-post-thumbnail","hentry","category-salud"],"_links":{"self":[{"href":"http:\/\/informeformosa.com.ar\/index.php?rest_route=\/wp\/v2\/posts\/49320","targetHints":{"allow":["GET"]}}],"collection":[{"href":"http:\/\/informeformosa.com.ar\/index.php?rest_route=\/wp\/v2\/posts"}],"about":[{"href":"http:\/\/informeformosa.com.ar\/index.php?rest_route=\/wp\/v2\/types\/post"}],"author":[{"embeddable":true,"href":"http:\/\/informeformosa.com.ar\/index.php?rest_route=\/wp\/v2\/users\/11"}],"replies":[{"embeddable":true,"href":"http:\/\/informeformosa.com.ar\/index.php?rest_route=%2Fwp%2Fv2%2Fcomments&post=49320"}],"version-history":[{"count":1,"href":"http:\/\/informeformosa.com.ar\/index.php?rest_route=\/wp\/v2\/posts\/49320\/revisions"}],"predecessor-version":[{"id":49332,"href":"http:\/\/informeformosa.com.ar\/index.php?rest_route=\/wp\/v2\/posts\/49320\/revisions\/49332"}],"wp:featuredmedia":[{"embeddable":true,"href":"http:\/\/informeformosa.com.ar\/index.php?rest_route=\/wp\/v2\/media\/49331"}],"wp:attachment":[{"href":"http:\/\/informeformosa.com.ar\/index.php?rest_route=%2Fwp%2Fv2%2Fmedia&parent=49320"}],"wp:term":[{"taxonomy":"category","embeddable":true,"href":"http:\/\/informeformosa.com.ar\/index.php?rest_route=%2Fwp%2Fv2%2Fcategories&post=49320"},{"taxonomy":"post_tag","embeddable":true,"href":"http:\/\/informeformosa.com.ar\/index.php?rest_route=%2Fwp%2Fv2%2Ftags&post=49320"}],"curies":[{"name":"wp","href":"https:\/\/api.w.org\/{rel}","templated":true}]}}