{"id":49319,"date":"2020-09-01T21:16:20","date_gmt":"2020-09-02T00:16:20","guid":{"rendered":"http:\/\/informeformosa.com.ar\/?p=49319"},"modified":"2020-09-01T21:16:22","modified_gmt":"2020-09-02T00:16:22","slug":"villa-dos-trece-los-establecimientos-educativos-rurales-volvieron-a-las-aulas-con-el-100-de-la-asistencia","status":"publish","type":"post","link":"http:\/\/informeformosa.com.ar\/?p=49319","title":{"rendered":"Villa Dos Trece: Los establecimientos educativos rurales volvieron a las aulas con el 100% de la asistencia"},"content":{"rendered":"\n<p>El delegado zonal de Villa Dos Trece, Edgardo Schmitt, dialog\u00f3 con AGENFOR y brind\u00f3 detalles acerca de c\u00f3mo fue el procedimiento de regreso a las clases presenciales en las instituciones educativas rurales de la zona.<\/p>\n\n\n\n<p>Hace dos semanas volvieron a asistir a las aulas los tres niveles educativos que existen en la localidad: inicial, primario y secundario.<\/p>\n\n\n\n<p>\u201cLos padres env\u00edan a sus hijos, porque no es obligatorio, pero tuvimos una muy buena aceptaci\u00f3n y ellos ped\u00edan mandarlos\u201d, sostuvo el responsable.<\/p>\n\n\n\n<p>En ese sentido, asegur\u00f3 que \u201cnunca se dej\u00f3 de atender\u201d a los estudiantes, ya que los docentes concurr\u00edan a las casas particulares a hacerles llegar las tareas, pero ahora son ellos quienes asisten al establecimiento tomando \u201ctodos los recaudos necesarios\u201d, de distanciamiento, uso del barbijo, lavado frecuente de manos y alcohol en gel.<\/p>\n\n\n\n<p>En el nivel inicial, asisten una sola vez por semana los de la sala de cinco, pero en primaria y secundaria son dos veces y los ciclos intercalan los d\u00edas para no producir aglomeraci\u00f3n en los edificios.<\/p>\n\n\n\n<p>\u201cAlgunas familias ten\u00edan miedo de enviar a sus hijos, pero cuando vieron que se tomaban los recaudos necesarios, se ten\u00eda en cuenta el protocolo y vieron que los otros compa\u00f1eros de sus hijos ven\u00edan, se acercaron, por eso hoy el 100% de los alumnos est\u00e1n asistiendo\u201d, asegur\u00f3 Schmitt.<\/p>\n\n\n\n<p>Por su parte, Viviana Ram\u00edrez, que es directora de la EPES agraria N\u00b02, dijo a AGENFOR, que como las clases son semipresenciales, los educandos cursan s\u00f3lo dos horas por d\u00eda en los d\u00edas correspondientes que le toque asistir.<\/p>\n\n\n\n<p>\u201cLos profesores tambi\u00e9n van rotando, no podemos tener un d\u00eda fijo como pone primaria, porque los maestros vienen todos los d\u00edas y son los mismos. Los profesores deben rotar, entonces no tienen d\u00edas fijos\u201d, explic\u00f3.<\/p>\n\n\n\n<p><strong>Apoyo pedag\u00f3gico<\/strong><\/p>\n\n\n\n<p>Respecto a las dos escuelas primarias que existen en la zona urbana de la localidad, el delegado zonal argument\u00f3 que est\u00e1n asistiendo a estudiantes en \u201criesgo pedag\u00f3gico\u201d, es decir, aquellos que presentan alguna dificultad para seguir el ritmo de las clases a distancia o no cuentan con un adulto que les haga un seguimiento.<\/p>\n\n\n\n<p>En principio, los docentes eran los encargados de \u201cvisitarlos\u201d, pero en la actualidad ellos asisten a las escuelas, dos veces por semana. \u201cPero s\u00f3lo van esos chicos, por grado son tres o cuatro. Todo lo que se implement\u00f3 fue en com\u00fan acuerdo con los padres\u201d, asever\u00f3.<\/p>\n","protected":false},"excerpt":{"rendered":"<p>El delegado zonal de Villa Dos Trece, Edgardo Schmitt, dialog\u00f3 con AGENFOR y brind\u00f3 detalles acerca de c\u00f3mo fue el procedimiento de regreso a las clases presenciales en las instituciones educativas rurales de la zona. Hace dos semanas volvieron a asistir a las aulas los tres niveles educativos que existen en la localidad: inicial, primario [&hellip;]<\/p>\n","protected":false},"author":11,"featured_media":49329,"comment_status":"closed","ping_status":"closed","sticky":false,"template":"","format":"standard","meta":{"footnotes":""},"categories":[4],"tags":[],"class_list":["post-49319","post","type-post","status-publish","format-standard","has-post-thumbnail","hentry","category-educacion"],"_links":{"self":[{"href":"http:\/\/informeformosa.com.ar\/index.php?rest_route=\/wp\/v2\/posts\/49319","targetHints":{"allow":["GET"]}}],"collection":[{"href":"http:\/\/informeformosa.com.ar\/index.php?rest_route=\/wp\/v2\/posts"}],"about":[{"href":"http:\/\/informeformosa.com.ar\/index.php?rest_route=\/wp\/v2\/types\/post"}],"author":[{"embeddable":true,"href":"http:\/\/informeformosa.com.ar\/index.php?rest_route=\/wp\/v2\/users\/11"}],"replies":[{"embeddable":true,"href":"http:\/\/informeformosa.com.ar\/index.php?rest_route=%2Fwp%2Fv2%2Fcomments&post=49319"}],"version-history":[{"count":1,"href":"http:\/\/informeformosa.com.ar\/index.php?rest_route=\/wp\/v2\/posts\/49319\/revisions"}],"predecessor-version":[{"id":49330,"href":"http:\/\/informeformosa.com.ar\/index.php?rest_route=\/wp\/v2\/posts\/49319\/revisions\/49330"}],"wp:featuredmedia":[{"embeddable":true,"href":"http:\/\/informeformosa.com.ar\/index.php?rest_route=\/wp\/v2\/media\/49329"}],"wp:attachment":[{"href":"http:\/\/informeformosa.com.ar\/index.php?rest_route=%2Fwp%2Fv2%2Fmedia&parent=49319"}],"wp:term":[{"taxonomy":"category","embeddable":true,"href":"http:\/\/informeformosa.com.ar\/index.php?rest_route=%2Fwp%2Fv2%2Fcategories&post=49319"},{"taxonomy":"post_tag","embeddable":true,"href":"http:\/\/informeformosa.com.ar\/index.php?rest_route=%2Fwp%2Fv2%2Ftags&post=49319"}],"curies":[{"name":"wp","href":"https:\/\/api.w.org\/{rel}","templated":true}]}}