{"id":49312,"date":"2020-08-31T18:37:25","date_gmt":"2020-08-31T21:37:25","guid":{"rendered":"http:\/\/informeformosa.com.ar\/?p=49312"},"modified":"2020-08-31T18:37:27","modified_gmt":"2020-08-31T21:37:27","slug":"con-gran-expectativa-aguardan-la-inauguracion-de-la-xviii-feria-del-libro","status":"publish","type":"post","link":"http:\/\/informeformosa.com.ar\/?p=49312","title":{"rendered":"Con gran expectativa aguardan la inauguraci\u00f3n de la XVIII Feria del Libro"},"content":{"rendered":"\n<p>La coordinadora de pol\u00edticas socioeducativas del Ministerio de Educaci\u00f3n, Erika Stock, en di\u00e1logo exclusivo con AGENFOR anticip\u00f3 c\u00f3mo se llevar\u00e1 a cabo la apertura de la XVII Feria del Libro, que este a\u00f1o, ser\u00e1 en modalidad virtual.<\/p>\n\n\n\n<p>\u201cVenimos trabajando desde abril, que se hizo el lanzamiento, con un gran equipo, y hemos superado todas las expectativas. Habr\u00e1 m\u00e1s de de 200 presentaciones entre conferencias, presentaciones de libros y diferentes actividades dentro de la Feria\u201d, sostuvo; y agreg\u00f3 que participar\u00e1n ocho pa\u00edses de Latinoam\u00e9rica, 19 provincias y once municipios.<\/p>\n\n\n\n<p>La inauguraci\u00f3n del evento est\u00e1 prevista para el mi\u00e9rcoles 2 de septiembre a las 19 horas, a trav\u00e9s de un acto institucional con la presencia del Ministro del \u00e1rea, Alberto Zorrilla; y seguidamente, Natalia Porta, referente nacional del Plan de Lectura presentar\u00e1 su libro.<\/p>\n\n\n\n<p>A la feria se podr\u00e1 acceder en <a href=\"http:\/\/www.feriadellibroformosa.com.ar\">www.feriadellibroformosa.com.ar<\/a>, all\u00ed se encontrar\u00e1 un video instructivo con tres secciones de presentaciones, editoriales y artistas culturales.<\/p>\n\n\n\n<p>\u201cEste a\u00f1o tenemos 23 editoriales, donde uno al linkear en una va a entrar a la plataforma de esa editorial, donde va a poder recorrer y hacer compras online, a elegir si compra el libro en formato papel o PDF y con la editorial arregla el env\u00edo\u201d, detall\u00f3 Stock.<\/p>\n\n\n\n<p>Y agreg\u00f3: \u201cNo quer\u00edamos dejar pasar la secci\u00f3n de aristas culturales, lo estamos trabajando desde el inicio de la pandemia en la plataforma Cultura Digital Formosa y la ponemos ac\u00e1 para que tambi\u00e9n el mundo pueda ver los excelentes artistas que tenemos\u201d.<\/p>\n\n\n\n<p>Respecto al \u00e1rea virtual de presentaciones, se\u00f1al\u00f3 que tendr\u00e1 una agenda interactiva para que el p\u00fablico pueda guiarse; y que, en cada una de ellas, ya sean vivos o falsos vivos, las personas que participen podr\u00e1n interactuar con los exponentes a trav\u00e9s de un chat donde responder\u00e1n sus dudas.<\/p>\n\n\n\n<p>\u201cLo bueno de esta plataforma es que finalizada la Feria del Libro la gente va a poder seguir entrando para ver las presentaciones que no pudo hacer antes\u201d, manifest\u00f3.<\/p>\n\n\n\n<p>Por \u00faltimo, la responsable asegur\u00f3 que \u201ces una agenda para todo el p\u00fablico\u201d y que,\u201catr\u00e1s del tel\u00f3n tenemos unas vivencias magn\u00edficas\u201d.<\/p>\n\n\n\n<p>En ese marco, relat\u00f3 que hicieron contacto con un docente de econom\u00eda, en la Universidad de Texas que presentar\u00e1 su libro y, adem\u00e1s, dar\u00e1 un zoom a los estudiantes de la Facultad de Econom\u00eda y Negocios de la UNAF; y del mismo modo, en la grilla, estar\u00e1 presente un ni\u00f1o de 12 a\u00f1os oriundo de Fontana, que para transitar la pandemia escribi\u00f3 un libro.<\/p>\n\n\n\n<p>\u201cEse marco de cosas tenemos as\u00ed que va a ser muy rico y educativo para todos\u201d, concluy\u00f3.<\/p>\n","protected":false},"excerpt":{"rendered":"<p>La coordinadora de pol\u00edticas socioeducativas del Ministerio de Educaci\u00f3n, Erika Stock, en di\u00e1logo exclusivo con AGENFOR anticip\u00f3 c\u00f3mo se llevar\u00e1 a cabo la apertura de la XVII Feria del Libro, que este a\u00f1o, ser\u00e1 en modalidad virtual. \u201cVenimos trabajando desde abril, que se hizo el lanzamiento, con un gran equipo, y hemos superado todas las [&hellip;]<\/p>\n","protected":false},"author":11,"featured_media":49315,"comment_status":"closed","ping_status":"closed","sticky":false,"template":"","format":"standard","meta":{"footnotes":""},"categories":[21],"tags":[],"class_list":["post-49312","post","type-post","status-publish","format-standard","has-post-thumbnail","hentry","category-provinciales"],"_links":{"self":[{"href":"http:\/\/informeformosa.com.ar\/index.php?rest_route=\/wp\/v2\/posts\/49312","targetHints":{"allow":["GET"]}}],"collection":[{"href":"http:\/\/informeformosa.com.ar\/index.php?rest_route=\/wp\/v2\/posts"}],"about":[{"href":"http:\/\/informeformosa.com.ar\/index.php?rest_route=\/wp\/v2\/types\/post"}],"author":[{"embeddable":true,"href":"http:\/\/informeformosa.com.ar\/index.php?rest_route=\/wp\/v2\/users\/11"}],"replies":[{"embeddable":true,"href":"http:\/\/informeformosa.com.ar\/index.php?rest_route=%2Fwp%2Fv2%2Fcomments&post=49312"}],"version-history":[{"count":1,"href":"http:\/\/informeformosa.com.ar\/index.php?rest_route=\/wp\/v2\/posts\/49312\/revisions"}],"predecessor-version":[{"id":49316,"href":"http:\/\/informeformosa.com.ar\/index.php?rest_route=\/wp\/v2\/posts\/49312\/revisions\/49316"}],"wp:featuredmedia":[{"embeddable":true,"href":"http:\/\/informeformosa.com.ar\/index.php?rest_route=\/wp\/v2\/media\/49315"}],"wp:attachment":[{"href":"http:\/\/informeformosa.com.ar\/index.php?rest_route=%2Fwp%2Fv2%2Fmedia&parent=49312"}],"wp:term":[{"taxonomy":"category","embeddable":true,"href":"http:\/\/informeformosa.com.ar\/index.php?rest_route=%2Fwp%2Fv2%2Fcategories&post=49312"},{"taxonomy":"post_tag","embeddable":true,"href":"http:\/\/informeformosa.com.ar\/index.php?rest_route=%2Fwp%2Fv2%2Ftags&post=49312"}],"curies":[{"name":"wp","href":"https:\/\/api.w.org\/{rel}","templated":true}]}}