{"id":49304,"date":"2020-08-31T18:33:53","date_gmt":"2020-08-31T21:33:53","guid":{"rendered":"http:\/\/informeformosa.com.ar\/?p=49304"},"modified":"2020-08-31T18:33:55","modified_gmt":"2020-08-31T21:33:55","slug":"el-iappa-sostiene-sus-actividades-a-pesar-de-la-emergencia-sanitaria","status":"publish","type":"post","link":"http:\/\/informeformosa.com.ar\/?p=49304","title":{"rendered":"El IAPPA sostiene sus actividades a pesar de la emergencia sanitaria"},"content":{"rendered":"\n<p>El administrador del Instituto de Investigaci\u00f3n, Asistencia y Prevenci\u00f3n de las Adicciones (IAPA), Marcelo Kremis, dialog\u00f3 con <strong>AGENFOR<\/strong> e indic\u00f3 cu\u00e1les son las actividades que la instituci\u00f3n sostiene a pesar de la emergencia sanitaria por el COVID 19.<\/p>\n\n\n\n<p>\u201cSe vienen realizando todas las actividades de atenci\u00f3n en los distintos centros, con todos los recaudos y los cuidados para la bio seguridad tanto de las personas como del personal. En los centros de d\u00eda, ambulatorios y la comunidad terap\u00e9utica se contin\u00faa atendiendo con total normalidad\u201d, indic\u00f3.<\/p>\n\n\n\n<p>En ese marco, confirm\u00f3 que \u201cse viene realizando un intenso trabajo en el interior provincial\u201d, en conjunto con municipios, los consejos deliberantes, las \u00e1reas de salud y educaci\u00f3n, para el desarrollo de acciones integrales e integradas tanto para la prevenci\u00f3n de los consumos problem\u00e1ticos como para la atenci\u00f3n de aquellas personas y familias afectadas por esta situaci\u00f3n.<\/p>\n\n\n\n<p>Esta semana estar\u00e1n en las localidades de Piran\u00e9 y Palo Santo, como estuvieron la anterior en Laguna Blanca y La Primavera.<\/p>\n\n\n\n<p>\u201cEl equipo del distrito sanitario 1 que est\u00e1 en la localidad de Ingeniero Ju\u00e1rez tambi\u00e9n todas las semanas desarrolla actividades en otras localidades. Esta semana en El Chorro y El Potrillo; la semana pasada en Pozo Yacar\u00e9\u201d, coment\u00f3.<\/p>\n\n\n\n<p>Y asegur\u00f3: \u201cDe esta manera, cumplimos con esta premisa que nos dio el gobernador de poder generar mayor accesibilidad posible a aquellas personas que necesitan nuestra ayuda y, como dec\u00edamos reci\u00e9n, ese trabajo fuerte y articulado para generar una mayor conciencia en la comunidad acerca de los riesgos y da\u00f1os asociados al consumo problem\u00e1tico de alcohol y otras drogas\u201d.<\/p>\n\n\n\n<p>Por otro lado, el funcionario se\u00f1al\u00f3 que, al menos en las personas que son asistidas por el IAPA, no hubo un incremento del consumo problem\u00e1tico de sustancias en esta cuarentena, sino que, al contrario, encontraron indicaciones de disminuci\u00f3n del mismo.<\/p>\n\n\n\n<p>\u201cPero si notamos por estos estudios que realizamos que ha habido un incremento del consumo de alcohol, sobre todo en personas m\u00e1s adultas y que todo estotiene que ver un poco con que antes las personas ten\u00edan la posibilidad de realizar reuniones sociales, familiares y ahora se ven un poco restringidos\u201d, explic\u00f3.<\/p>\n\n\n\n<p>Y aclar\u00f3: \u201cTambi\u00e9n hay personas que a lo mejor ten\u00edan un problema de adicci\u00f3n y que por este motivo pasaba desapercibido y ahora se nota m\u00e1s al estar esa persona, justamente, m\u00e1s restringida en cuanto a la posibilidad de salir. El problema de consumo se nota m\u00e1s en el hogar y a partir de all\u00ed llegan las demandas\u201d.<\/p>\n\n\n\n<p>Por \u00faltimo, el responsable del organismo manifest\u00f3 que el IAPA atiende a todas las personas que tengan problem\u00e1ticas de consumo, al margen de la sustancia, pero que el alcohol es el que acarrea \u201cmayores dificultades de la salud, la seguridad y el bienestar familiar, cuando hay un consumo excesivo\u201d; por lo tanto, \u201cla mayor\u00eda de las demandas se inician por problem\u00e1ticas relacionadas con el alcohol\u201d.<\/p>\n","protected":false},"excerpt":{"rendered":"<p>El administrador del Instituto de Investigaci\u00f3n, Asistencia y Prevenci\u00f3n de las Adicciones (IAPA), Marcelo Kremis, dialog\u00f3 con AGENFOR e indic\u00f3 cu\u00e1les son las actividades que la instituci\u00f3n sostiene a pesar de la emergencia sanitaria por el COVID 19. \u201cSe vienen realizando todas las actividades de atenci\u00f3n en los distintos centros, con todos los recaudos y [&hellip;]<\/p>\n","protected":false},"author":11,"featured_media":49310,"comment_status":"closed","ping_status":"closed","sticky":false,"template":"","format":"standard","meta":{"footnotes":""},"categories":[21],"tags":[],"class_list":["post-49304","post","type-post","status-publish","format-standard","has-post-thumbnail","hentry","category-provinciales"],"_links":{"self":[{"href":"http:\/\/informeformosa.com.ar\/index.php?rest_route=\/wp\/v2\/posts\/49304","targetHints":{"allow":["GET"]}}],"collection":[{"href":"http:\/\/informeformosa.com.ar\/index.php?rest_route=\/wp\/v2\/posts"}],"about":[{"href":"http:\/\/informeformosa.com.ar\/index.php?rest_route=\/wp\/v2\/types\/post"}],"author":[{"embeddable":true,"href":"http:\/\/informeformosa.com.ar\/index.php?rest_route=\/wp\/v2\/users\/11"}],"replies":[{"embeddable":true,"href":"http:\/\/informeformosa.com.ar\/index.php?rest_route=%2Fwp%2Fv2%2Fcomments&post=49304"}],"version-history":[{"count":1,"href":"http:\/\/informeformosa.com.ar\/index.php?rest_route=\/wp\/v2\/posts\/49304\/revisions"}],"predecessor-version":[{"id":49311,"href":"http:\/\/informeformosa.com.ar\/index.php?rest_route=\/wp\/v2\/posts\/49304\/revisions\/49311"}],"wp:featuredmedia":[{"embeddable":true,"href":"http:\/\/informeformosa.com.ar\/index.php?rest_route=\/wp\/v2\/media\/49310"}],"wp:attachment":[{"href":"http:\/\/informeformosa.com.ar\/index.php?rest_route=%2Fwp%2Fv2%2Fmedia&parent=49304"}],"wp:term":[{"taxonomy":"category","embeddable":true,"href":"http:\/\/informeformosa.com.ar\/index.php?rest_route=%2Fwp%2Fv2%2Fcategories&post=49304"},{"taxonomy":"post_tag","embeddable":true,"href":"http:\/\/informeformosa.com.ar\/index.php?rest_route=%2Fwp%2Fv2%2Ftags&post=49304"}],"curies":[{"name":"wp","href":"https:\/\/api.w.org\/{rel}","templated":true}]}}