{"id":49300,"date":"2020-08-31T18:32:43","date_gmt":"2020-08-31T21:32:43","guid":{"rendered":"http:\/\/informeformosa.com.ar\/?p=49300"},"modified":"2020-08-31T18:32:46","modified_gmt":"2020-08-31T21:32:46","slug":"formosa-profundizo-sus-politicas-alimentarias-para-enfrentar-la-pandemia","status":"publish","type":"post","link":"http:\/\/informeformosa.com.ar\/?p=49300","title":{"rendered":"Formosa profundiz\u00f3 sus pol\u00edticas alimentarias para enfrentar la pandemia"},"content":{"rendered":"\n<p>Durante una nueva conferencia de prensa del Consejo de Atenci\u00f3n Integral de la Emergencia COVID-19, el ministro de la comunidad, An\u00edbal Francisco G\u00f3mez, inform\u00f3 acerca del desarrollo de las distintas pol\u00edticas alimentarias que lleva adelante el gobierno de Formosa y que se profundizaron por este contexto de emergencia sanitaria.<\/p>\n\n\n\n<p>Esta semana, el Plan Alimentario Nutricional Aborigen estar\u00e1 trabajando en los barrios de Formosa Capital, como tambi\u00e9n en la Colonia La Primavera. Del mismo modo se realizar\u00e1 la semana siguiente respetando el cronograma correspondiente que asiste a m\u00e1s de 2600 familias en total.<\/p>\n\n\n\n<p>Comedores Escolares<\/p>\n\n\n\n<p>Por otro lado, el funcionario provincial asegur\u00f3 que los comedores escolares \u201cest\u00e1n funcionando perfectamente\u201d en todas las localidades y tambi\u00e9n en los parajes \u201cpor m\u00e1s alejados que est\u00e9n\u201d, con modalidad de cocina.<\/p>\n\n\n\n<p>Del mismo modo, en las instituciones rurales donde regresaron las clases presenciales se garantiza este servicio nutricional que es reforzado con la entrega de mercader\u00edas a las familias que lo precisen.<\/p>\n\n\n\n<p>Plan Nutrir<\/p>\n\n\n\n<p>En otro orden, el ministro se refiri\u00f3 al Plan Alimentario Nutrir y al respecto indic\u00f3 que est\u00e1 transitando lo que se conoce como la \u201csemana 5\u201d, donde los centros de distribuci\u00f3n de los alimentos no est\u00e1n en funcionamiento porque est\u00e1n abiertos las semanas 1 y 3 o 2 y 4 para las familias, y en el periodo que no lo est\u00e1, se aprovecha para poner en condiciones los equipamientos y log\u00edstica.<\/p>\n\n\n\n<p>\u201cLos veh\u00edculos de transporte, las c\u00e1maras de fr\u00edo en el centro de acopio y de distribuciones, las cuestiones inform\u00e1ticas de los controles de las tarjetas y de los padrones, ser\u00e1 la tarea de la semana y la siguiente nuevamente se entregar\u00e1n los alimentos de la semana 1\u201d, indic\u00f3.<\/p>\n\n\n\n<p>Y detall\u00f3 que la misma consiste en los 17 productos constituidos por frutas, verduras y hortalizas y tambi\u00e9n un bols\u00f3n de refuerzo con cinco productos de mercader\u00edas como aceite, leche en polvo, harina y otros productos que refuerzan a las 17 mil familias que son asistidas dentro de este programa.<\/p>\n\n\n\n<p>\u201cEsta semana estamos en contacto con todos los paipperos de las distintas localidades que est\u00e1n preparando las cargas, y que recibiremos en el transcurso del fin de semana para que el lunes est\u00e9 dispuesto nuevamente en cada uno de los centros de distribuci\u00f3n\u201d, asegur\u00f3.<\/p>\n\n\n\n<p>Buenos h\u00e1bitos<\/p>\n\n\n\n<p>Adem\u00e1s, G\u00f3mez resalt\u00f3 la importancia de los buenos h\u00e1bitos que \u201cdebemos tener todas las personas\u201d, como la pr\u00e1ctica de una actividad f\u00edsica de una hora \u00f3 45 minutos por d\u00eda, al menos tres veces a la semana, \u201ces m\u00e1s que suficiente para tener una buena salud\u201d.<\/p>\n\n\n\n<p>Tambi\u00e9n pidi\u00f3 cuidar los h\u00e1bitos alimentarios, \u201cno s\u00f3lo comer sino alimentarse bien con alimentos nutritivos frescos, naturales y saludables como se distribuye en el Plan Nutrir\u201d, e inst\u00f3 a consumir frutas y verduras, todos los d\u00edas.<\/p>\n\n\n\n<p>&nbsp;\u201cComo as\u00ed tambi\u00e9n son importantes otros h\u00e1bitos que tienen que ver con disminuir el consumo del cigarrillo, el consumo de alcohol, de drogas tanto l\u00edcitas como il\u00edcitas, las conductas agresivas que muchas veces est\u00e1n asociadas con el uso abusivo del alcohol\u201d, enumer\u00f3.<\/p>\n\n\n\n<p>Y concluy\u00f3: \u201cTodas estas cuestiones tienen que ver con los principales motivos de enfermedad y muerte en el mundo entero y nuestra provincia tambi\u00e9n; y estos son consejos para mejorar la calidad de vida de nuestra poblaci\u00f3n\u201d.<\/p>\n","protected":false},"excerpt":{"rendered":"<p>Durante una nueva conferencia de prensa del Consejo de Atenci\u00f3n Integral de la Emergencia COVID-19, el ministro de la comunidad, An\u00edbal Francisco G\u00f3mez, inform\u00f3 acerca del desarrollo de las distintas pol\u00edticas alimentarias que lleva adelante el gobierno de Formosa y que se profundizaron por este contexto de emergencia sanitaria. Esta semana, el Plan Alimentario Nutricional [&hellip;]<\/p>\n","protected":false},"author":11,"featured_media":49308,"comment_status":"closed","ping_status":"closed","sticky":false,"template":"","format":"standard","meta":{"footnotes":""},"categories":[21],"tags":[],"class_list":["post-49300","post","type-post","status-publish","format-standard","has-post-thumbnail","hentry","category-provinciales"],"_links":{"self":[{"href":"http:\/\/informeformosa.com.ar\/index.php?rest_route=\/wp\/v2\/posts\/49300","targetHints":{"allow":["GET"]}}],"collection":[{"href":"http:\/\/informeformosa.com.ar\/index.php?rest_route=\/wp\/v2\/posts"}],"about":[{"href":"http:\/\/informeformosa.com.ar\/index.php?rest_route=\/wp\/v2\/types\/post"}],"author":[{"embeddable":true,"href":"http:\/\/informeformosa.com.ar\/index.php?rest_route=\/wp\/v2\/users\/11"}],"replies":[{"embeddable":true,"href":"http:\/\/informeformosa.com.ar\/index.php?rest_route=%2Fwp%2Fv2%2Fcomments&post=49300"}],"version-history":[{"count":1,"href":"http:\/\/informeformosa.com.ar\/index.php?rest_route=\/wp\/v2\/posts\/49300\/revisions"}],"predecessor-version":[{"id":49309,"href":"http:\/\/informeformosa.com.ar\/index.php?rest_route=\/wp\/v2\/posts\/49300\/revisions\/49309"}],"wp:featuredmedia":[{"embeddable":true,"href":"http:\/\/informeformosa.com.ar\/index.php?rest_route=\/wp\/v2\/media\/49308"}],"wp:attachment":[{"href":"http:\/\/informeformosa.com.ar\/index.php?rest_route=%2Fwp%2Fv2%2Fmedia&parent=49300"}],"wp:term":[{"taxonomy":"category","embeddable":true,"href":"http:\/\/informeformosa.com.ar\/index.php?rest_route=%2Fwp%2Fv2%2Fcategories&post=49300"},{"taxonomy":"post_tag","embeddable":true,"href":"http:\/\/informeformosa.com.ar\/index.php?rest_route=%2Fwp%2Fv2%2Ftags&post=49300"}],"curies":[{"name":"wp","href":"https:\/\/api.w.org\/{rel}","templated":true}]}}