{"id":48361,"date":"2020-07-16T18:18:31","date_gmt":"2020-07-16T21:18:31","guid":{"rendered":"http:\/\/informeformosa.com.ar\/?p=48361"},"modified":"2020-07-16T18:18:33","modified_gmt":"2020-07-16T21:18:33","slug":"bay-hace-muchos-anos-que-formosa-viene-trabajando-en-lo-ambiental-y-el-tratamiento-de-los-residuos-solidos","status":"publish","type":"post","link":"http:\/\/informeformosa.com.ar\/?p=48361","title":{"rendered":"Bay: \u201cHace muchos a\u00f1os que Formosa viene trabajando en lo ambiental y el tratamiento de los residuos s\u00f3lidos\u201d"},"content":{"rendered":"\n<p>Al resaltar el anuncio del gobernador Gildo Insfr\u00e1n para la construcci\u00f3n del centro de tratamiento de residuos s\u00f3lidos, el doctor Hugo Bay, subsecretario de Recursos, Naturales, Ordenamiento y Calidad Ambiental, puso en valor el acabado trabajo que realiz\u00f3 la provincia para el armado del proyecto, reprochando que en el Gobierno de Mauricio Macri la iniciativa fue paralizada. \u201cDurante cuatro a\u00f1os nos negaron la posibilidad de que Formosa cuente con todo esto\u201d, critic\u00f3.<\/p>\n\n\n\n<p>Este jueves, el primer mandatario formose\u00f1o anunci\u00f3, desde sus redes sociales, el llamado a Licitaci\u00f3n P\u00fablica Nacional de la contrataci\u00f3n del dise\u00f1o, la construcci\u00f3n y la operaci\u00f3n de centro ambiental de recuperaci\u00f3n y disposici\u00f3n final de residuos s\u00f3lidos de Formosa, obra que tendr\u00e1 un costo estimado de $693 millones y un plazo previsto de ejecuci\u00f3n de 35 meses.<\/p>\n\n\n\n<p>Al respecto, el subsecretario Bay puso de resalto que \u201cel anuncio del gobernador Insfr\u00e1n es muy bueno porque tiene que ver con un tema en el que hace much\u00edsimos a\u00f1os la provincia viene trabajando, elaborando un proyecto que gener\u00f3 un diagn\u00f3stico, y que si bien en este caso hace referencia a una parte del mismo, se trata del inicio de toda una iniciativa provincial que tiene que ver con el tratamiento y la gesti\u00f3n de los residuos s\u00f3lidos urbanos, que es la basura domiciliaria\u201d.<\/p>\n\n\n\n<p>Seg\u00fan puntualiz\u00f3, ello abarca \u201clos residuos que habitualmente producimos en las ciudades y localidades y que tienen que ver con el consumo en nuestros hogares, como as\u00ed tambi\u00e9n las de las confiter\u00edas, los bares, etc\u00e9tera, vinculados a los residuos s\u00f3lidos, no peligrosos concretamente, sino a bolsas de pl\u00e1stico, restos de basuras, desmalezados de \u00e1rboles, entre otros\u201d.<\/p>\n\n\n\n<p>\u201cEstamos hablando de una problem\u00e1tica que cada vez m\u00e1s se iba visibilizando m\u00e1s y que el Gobierno de la provincia all\u00e1 por el 2012 hab\u00eda puesto a elaborar un plan en este sentido abarcativo en todo el territorio que implicaba la construcci\u00f3n de plantas de separaci\u00f3n de esos residuos, lo cual facilitaba despu\u00e9s el hecho de la producci\u00f3n de todo lo que ah\u00ed surge, a efectos de generar un c\u00edrculo virtuoso en t\u00e9rminos de recolecci\u00f3n y gesti\u00f3n de esos residuos\u201d, hizo notar el funcionario.<\/p>\n\n\n\n<p>En ese sentido, consider\u00f3 importante \u201cmirar todas las etapas del proceso, desde que se inicia (el residuo) en la casa hasta que se venden esos productos, porque los mismos pueden ser aprovechados y tienen un valor a trav\u00e9s del reciclado\u201d.<\/p>\n\n\n\n<p>Abund\u00f3 diciendo que \u201cpara conseguir eso hay que separar lo org\u00e1nico de lo inorg\u00e1nico, siendo que esta \u00faltimo es la que va para este tipo de reciclado, que despu\u00e9s es aprovechado\u201d a trav\u00e9s de la tecnolog\u00eda de las plantas de separaci\u00f3n.<\/p>\n\n\n\n<p>\u201cLo que se est\u00e1 trabajando de la provincia es generar un \u00e1mbito provincial que coordine y articule todo eso \u2013expuso-. Y ahora, a partir del anuncio del Gobernador, estamos arrancando con el de Formosa con relleno sanitario y la construcci\u00f3n de esta planta de separaci\u00f3n\u201d.<\/p>\n\n\n\n<p>Destac\u00f3 a su vez que se trata de \u201cun monto muy elevado de inversi\u00f3n dentro de este llamado a licitaci\u00f3n, superando los $600 millones, as\u00ed que estamos hablando de toda una tecnolog\u00eda y una infraestructura que va a estar al servicio de este tema tan importante que involucra lo ambiental y la salud tambi\u00e9n\u201d.<\/p>\n\n\n\n<p><strong>Paralizaci\u00f3n macrista<\/strong><\/p>\n\n\n\n<p>Asimismo, en t\u00e9rminos pol\u00edticos, el doctor Bay fue categ\u00f3rico al recordar que \u201ceste proyecto hab\u00eda sido firmado el 8 de octubre del 2015 con la por entonces Secretar\u00eda de Medio Ambiente y Desarrollo Sustentable de la Naci\u00f3n, cuyo titular en ese momento era Sergio Lorusso, quien suscribi\u00f3 el convenio con el gobernador Insfr\u00e1n\u201d.<\/p>\n\n\n\n<p>\u201cEl problema fue que despu\u00e9s vino el Gobierno de Macri con el rabino (Sergio) Bergman, a quien puso a cargo del \u00e1rea de Ambiente, y durante cuatro a\u00f1os nos negaron la posibilidad de que Formosa cuente con todo esto, a pesar de haber estado suscripto\u201d, reproch\u00f3 el funcionario.<\/p>\n\n\n\n<p>Critic\u00f3 que durante la gesti\u00f3n macrista \u201cnos llenaron de mentiras y evasiones, a pesar de que el proyecto contaba tambi\u00e9n con la aprobaci\u00f3n del organismo financiero que va financiar todo esto, que es el Banco Interamericano de Desarrollo (BID)\u201d, mencionando que \u201cincluso, lo dijo el propio Gobernador en un acto, la provincia se iba a hacer cargo de todo el pr\u00e9stamo\u201d.<\/p>\n\n\n\n<p>En esa l\u00ednea hizo notar el notable contraste con el actual Gobierno Nacional del presidente Alberto Fern\u00e1ndez, donde \u201cen cuesti\u00f3n de meses ya sali\u00f3 la licitaci\u00f3n, se contin\u00faa con el proyecto y adem\u00e1s la Naci\u00f3n se va a hacer cargo del pr\u00e9stamo\u201d.<\/p>\n\n\n\n<p>\u201cQu\u00e9 diferencia hay entre la gesti\u00f3n del presidente Fern\u00e1ndez con otros que miraron solamente los intereses de determinado grupos concentrados y centralistas del pa\u00eds y actuaron de un modo en el cual las provincias les importaron muy poco\u201d, diferenci\u00f3, tajante.&nbsp;<\/p>\n","protected":false},"excerpt":{"rendered":"<p>Al resaltar el anuncio del gobernador Gildo Insfr\u00e1n para la construcci\u00f3n del centro de tratamiento de residuos s\u00f3lidos, el doctor Hugo Bay, subsecretario de Recursos, Naturales, Ordenamiento y Calidad Ambiental, puso en valor el acabado trabajo que realiz\u00f3 la provincia para el armado del proyecto, reprochando que en el Gobierno de Mauricio Macri la iniciativa [&hellip;]<\/p>\n","protected":false},"author":11,"featured_media":48365,"comment_status":"open","ping_status":"open","sticky":false,"template":"","format":"standard","meta":{"footnotes":""},"categories":[21],"tags":[],"class_list":["post-48361","post","type-post","status-publish","format-standard","has-post-thumbnail","hentry","category-provinciales"],"_links":{"self":[{"href":"http:\/\/informeformosa.com.ar\/index.php?rest_route=\/wp\/v2\/posts\/48361","targetHints":{"allow":["GET"]}}],"collection":[{"href":"http:\/\/informeformosa.com.ar\/index.php?rest_route=\/wp\/v2\/posts"}],"about":[{"href":"http:\/\/informeformosa.com.ar\/index.php?rest_route=\/wp\/v2\/types\/post"}],"author":[{"embeddable":true,"href":"http:\/\/informeformosa.com.ar\/index.php?rest_route=\/wp\/v2\/users\/11"}],"replies":[{"embeddable":true,"href":"http:\/\/informeformosa.com.ar\/index.php?rest_route=%2Fwp%2Fv2%2Fcomments&post=48361"}],"version-history":[{"count":1,"href":"http:\/\/informeformosa.com.ar\/index.php?rest_route=\/wp\/v2\/posts\/48361\/revisions"}],"predecessor-version":[{"id":48366,"href":"http:\/\/informeformosa.com.ar\/index.php?rest_route=\/wp\/v2\/posts\/48361\/revisions\/48366"}],"wp:featuredmedia":[{"embeddable":true,"href":"http:\/\/informeformosa.com.ar\/index.php?rest_route=\/wp\/v2\/media\/48365"}],"wp:attachment":[{"href":"http:\/\/informeformosa.com.ar\/index.php?rest_route=%2Fwp%2Fv2%2Fmedia&parent=48361"}],"wp:term":[{"taxonomy":"category","embeddable":true,"href":"http:\/\/informeformosa.com.ar\/index.php?rest_route=%2Fwp%2Fv2%2Fcategories&post=48361"},{"taxonomy":"post_tag","embeddable":true,"href":"http:\/\/informeformosa.com.ar\/index.php?rest_route=%2Fwp%2Fv2%2Ftags&post=48361"}],"curies":[{"name":"wp","href":"https:\/\/api.w.org\/{rel}","templated":true}]}}