{"id":48352,"date":"2020-07-15T19:03:53","date_gmt":"2020-07-15T22:03:53","guid":{"rendered":"http:\/\/informeformosa.com.ar\/?p=48352"},"modified":"2020-07-15T19:05:30","modified_gmt":"2020-07-15T22:05:30","slug":"formosa-celebra-el-dia-de-la-virgen-del-carmen","status":"publish","type":"post","link":"http:\/\/informeformosa.com.ar\/?p=48352","title":{"rendered":"Formosa celebra el D\u00eda de la Virgen del Carmen"},"content":{"rendered":"\n<p>Este jueves 16 de julio, feriado en el territorio provincial, las celebraciones eucar\u00edsticas en la Iglesia Catedral por el D\u00eda de la Virgen del Carmen, madre y patrona de Formosa, se realizar\u00e1n respetando todos los protocolos sanitarios ante el contexto de la pandemia.<\/p>\n\n\n\n<p>El padre Antonio Caballero, p\u00e1rroco de la Catedral, cont\u00f3 que en las v\u00edsperas del D\u00eda de la Virgen del Carmen \u201cse rez\u00f3 el \u00faltimo d\u00eda de la novena que estuvo dedicada a una parroquia de la ciudad, a una zona pastoral de nuestra di\u00f3cesis y a todos los que son trabajadores esenciales\u201d.<\/p>\n\n\n\n<p>\u201cEste jueves 16 comenzaremos temprano rezando el rosario de la aurora y tambi\u00e9n tendremos una primera misa a las 10 horas dedicada especialmente a la catequesis cristiana, en tanto que por la tarde a las 17 horas haremos la misa central que ser\u00e1 presidida por nuestro obispo Vicente Conejero, quien dar\u00e1 la bendici\u00f3n con las indulgencias que en este d\u00eda podemos recibir\u201d, confirm\u00f3.<\/p>\n\n\n\n<p>Aclar\u00f3 que \u201ctodo esto va a ser de manera virtual y respetando el protocolo sanitario que nos han dado las autoridades pertinentes para la apertura de los templos\u201d, marcando que \u201ctambi\u00e9n tenemos preparado nuestro templo para las visitas y las oraciones personales que haremos este jueves desde las 11 hasta las 16 horas\u201d.<\/p>\n\n\n\n<p>\u201cEste a\u00f1o, el mensaje es el mismo que nos dijeran nuestros obispos argentinos: colaboremos con las autoridades sanitarias mientras dure este tiempo de pandemia. Por lo tanto, la gente, todos nuestros fieles, est\u00e1n haciendo un gran esfuerzo para vivir esta novena desde sus casas\u201d, remarc\u00f3, valorando tambi\u00e9n que \u201cestamos aprendiendo a vivir la comuni\u00f3n, la comunidad, de acuerdo a las medidas sanitarias que nos permiten cuidarnos y cuidar al otro\u201d.<\/p>\n\n\n\n<p><strong>Feriado provincial<\/strong><\/p>\n\n\n\n<p>Cabe recordar que la Ley Provincial N\u00ba 168, sancionada el 6 de diciembre de 1960, declar\u00f3 a la Virgen del Carmen patrona de Formosa y feriado en todo el territorio provincial el d\u00eda 16 de julio de cada a\u00f1o, la cual es ratificada anualmente por el Poder Ejecutivo Provincial (PEP).<\/p>\n\n\n\n<p>Se evoc\u00f3 que la imagen de la Virgen del Carmen lleg\u00f3 a la tierra formose\u00f1a el 10 de julio de 1879, junto con la imagen de San Miguel Arc\u00e1ngel en el barco \u201cEl Resguardo\u201d, proveniente de Villa Occidental.<\/p>\n\n\n\n<p>Las primeras celebraciones en su honor se hicieron debajo de un \u00e1rbol, traslad\u00e1ndose m\u00e1s adelante a una casa desprovista de puertas ni ventanas que utilizaban los animales como refugio, ubicada en la calle Moreno y Saavedra, donde actualmente funciona la Jefatura de Polic\u00eda de la provincia.<\/p>\n\n\n\n<p>Reci\u00e9n en el a\u00f1o 1896 comienza la construcci\u00f3n de la actual Catedral donde se encuentra su c\u00fapula.<\/p>\n","protected":false},"excerpt":{"rendered":"<p>Este jueves 16 de julio, feriado en el territorio provincial, las celebraciones eucar\u00edsticas en la Iglesia Catedral por el D\u00eda de la Virgen del Carmen, madre y patrona de Formosa, se realizar\u00e1n respetando todos los protocolos sanitarios ante el contexto de la pandemia. El padre Antonio Caballero, p\u00e1rroco de la Catedral, cont\u00f3 que en las [&hellip;]<\/p>\n","protected":false},"author":11,"featured_media":48357,"comment_status":"open","ping_status":"open","sticky":false,"template":"","format":"standard","meta":{"footnotes":""},"categories":[21],"tags":[],"class_list":["post-48352","post","type-post","status-publish","format-standard","has-post-thumbnail","hentry","category-provinciales"],"_links":{"self":[{"href":"http:\/\/informeformosa.com.ar\/index.php?rest_route=\/wp\/v2\/posts\/48352","targetHints":{"allow":["GET"]}}],"collection":[{"href":"http:\/\/informeformosa.com.ar\/index.php?rest_route=\/wp\/v2\/posts"}],"about":[{"href":"http:\/\/informeformosa.com.ar\/index.php?rest_route=\/wp\/v2\/types\/post"}],"author":[{"embeddable":true,"href":"http:\/\/informeformosa.com.ar\/index.php?rest_route=\/wp\/v2\/users\/11"}],"replies":[{"embeddable":true,"href":"http:\/\/informeformosa.com.ar\/index.php?rest_route=%2Fwp%2Fv2%2Fcomments&post=48352"}],"version-history":[{"count":2,"href":"http:\/\/informeformosa.com.ar\/index.php?rest_route=\/wp\/v2\/posts\/48352\/revisions"}],"predecessor-version":[{"id":48359,"href":"http:\/\/informeformosa.com.ar\/index.php?rest_route=\/wp\/v2\/posts\/48352\/revisions\/48359"}],"wp:featuredmedia":[{"embeddable":true,"href":"http:\/\/informeformosa.com.ar\/index.php?rest_route=\/wp\/v2\/media\/48357"}],"wp:attachment":[{"href":"http:\/\/informeformosa.com.ar\/index.php?rest_route=%2Fwp%2Fv2%2Fmedia&parent=48352"}],"wp:term":[{"taxonomy":"category","embeddable":true,"href":"http:\/\/informeformosa.com.ar\/index.php?rest_route=%2Fwp%2Fv2%2Fcategories&post=48352"},{"taxonomy":"post_tag","embeddable":true,"href":"http:\/\/informeformosa.com.ar\/index.php?rest_route=%2Fwp%2Fv2%2Ftags&post=48352"}],"curies":[{"name":"wp","href":"https:\/\/api.w.org\/{rel}","templated":true}]}}