{"id":48350,"date":"2020-07-15T19:01:07","date_gmt":"2020-07-15T22:01:07","guid":{"rendered":"http:\/\/informeformosa.com.ar\/?p=48350"},"modified":"2020-07-15T19:01:09","modified_gmt":"2020-07-15T22:01:09","slug":"covid-en-formosa-un-nuevo-caso-positivo","status":"publish","type":"post","link":"http:\/\/informeformosa.com.ar\/?p=48350","title":{"rendered":"COVID en Formosa: un nuevo caso positivo"},"content":{"rendered":"\n<p>El Consejo de Atenci\u00f3n Integral de la Emergencia COVID 19, inform\u00f3 que en las \u00faltimas 24 horas se realizaron 146 test de vigilancia y b\u00fasqueda activa de casos. De ellos, 145 dieron resultados negativos y uno, positivo a coronavirus.<\/p>\n\n\n\n<p>Se trata de un hombre de 45 a\u00f1os, asintom\u00e1tico, que ingres\u00f3 el d\u00eda 13 de julio a la provincia junto con otras 12 personas, todas provenientes de la provincia de Chaco, con el objeto de realizar trabajos agropecuarios en un establecimiento productivo ubicado en el territorio provincial.<\/p>\n\n\n\n<p>Luego de llevar a cabo los hisopados obligatorios establecidos por protocolo para estos casos, el martes por la tarde se obtuvo el an\u00e1lisis positivo de uno de los miembros de este grupo, los cuales se encontraban aislados a la espera de los resultados.<\/p>\n\n\n\n<p>Ante esta situaci\u00f3n, el equipo m\u00e9dico interviniente comunic\u00f3 a la persona afectada que, por protocolo sanitario vigente en la provincia, deb\u00eda internarse en el Hospital Interdistrital de Contingencia COVID-19, mientras que las otras 12 personas ten\u00edan que cumplir una cuarentena obligatoria de 14 d\u00edas en un Centro de Alojamiento Preventivo por ser contactos estrechos de un caso positivo.<\/p>\n\n\n\n<p>Al recibir dicha informaci\u00f3n, las 13 personas integrantes del grupo tomaron la decisi\u00f3n voluntaria de retornar a su provincia en sus veh\u00edculos particulares, para lo cual se dispuso un operativo de acompa\u00f1amiento mediante c\u00e1psula policial hasta el l\u00edmite provincial.<\/p>\n\n\n\n<p>De esta circunstancia fueron notificadas las autoridades sanitarias de la provincia de Chaco como as\u00ed tambi\u00e9n las empresas agropecuarias en las cuales prestan servicios.<\/p>\n\n\n\n<p>En ese contexto, los datos acumulados de la provincia al d\u00eda de la fecha son los siguientes: 79 casos diagnosticados; 64 personas recuperadas; 14 pacientes asintom\u00e1ticos internados; 1 caso en tr\u00e1nsito con egreso de la provincia; 3833 test realizados a la fecha con el 2,06% de positividad.<\/p>\n\n\n\n<p><strong>Controles<\/strong><\/p>\n\n\n\n<p>Los n\u00fameros relativos a la tarea preventiva que lleva adelante la polic\u00eda en toda la provincia, de las \u00faltimas 24 horas, son los siguientes: 606 camiones de carga que ingresaron; 13.486 personas y 6.535 autom\u00f3viles controlados en la v\u00eda p\u00fablica; 88 infracciones labradas por restricci\u00f3n de circulaci\u00f3n y patente; y 451 personas por restricci\u00f3n de circulaci\u00f3n y no uso de barbijo.<\/p>\n\n\n\n<p><strong>Cuidar la salud<\/strong><\/p>\n\n\n\n<p>Por \u00faltimo, el organismo sostuvo: \u201cEl episodio informado en el parte de hoy de la detecci\u00f3n temprana de un caso asintom\u00e1tico al ingreso a nuestro territorio, con su respectivo aislamiento, as\u00ed como el de sus contactos estrechos, pone en evidencia el trabajo serio, responsable y comprometido que venimos realizando para cuidar la salud de los 640.000 formose\u00f1os y formose\u00f1as\u201d.<\/p>\n\n\n\n<p>Y finaliz\u00f3: \u201cEsto tambi\u00e9n ratifica la importancia de mantenernos alertas a todo ingreso de personas a la provincia, lo cual justifica sobradamente la implementaci\u00f3n del Programa de Ingreso Ordenado y Administrado a nuestro territorio, el cual no tiene como objetivo perjudicar a nadie sino cuidarnos a todos. Reiteramos la necesidad de tener paciencia y responsabilidad para el correcto cumplimiento de esta medida sanitaria preventiva\u201d.<\/p>\n","protected":false},"excerpt":{"rendered":"<p>El Consejo de Atenci\u00f3n Integral de la Emergencia COVID 19, inform\u00f3 que en las \u00faltimas 24 horas se realizaron 146 test de vigilancia y b\u00fasqueda activa de casos. De ellos, 145 dieron resultados negativos y uno, positivo a coronavirus. Se trata de un hombre de 45 a\u00f1os, asintom\u00e1tico, que ingres\u00f3 el d\u00eda 13 de julio [&hellip;]<\/p>\n","protected":false},"author":11,"featured_media":48353,"comment_status":"open","ping_status":"open","sticky":false,"template":"","format":"standard","meta":{"footnotes":""},"categories":[12],"tags":[],"class_list":["post-48350","post","type-post","status-publish","format-standard","has-post-thumbnail","hentry","category-salud"],"_links":{"self":[{"href":"http:\/\/informeformosa.com.ar\/index.php?rest_route=\/wp\/v2\/posts\/48350","targetHints":{"allow":["GET"]}}],"collection":[{"href":"http:\/\/informeformosa.com.ar\/index.php?rest_route=\/wp\/v2\/posts"}],"about":[{"href":"http:\/\/informeformosa.com.ar\/index.php?rest_route=\/wp\/v2\/types\/post"}],"author":[{"embeddable":true,"href":"http:\/\/informeformosa.com.ar\/index.php?rest_route=\/wp\/v2\/users\/11"}],"replies":[{"embeddable":true,"href":"http:\/\/informeformosa.com.ar\/index.php?rest_route=%2Fwp%2Fv2%2Fcomments&post=48350"}],"version-history":[{"count":1,"href":"http:\/\/informeformosa.com.ar\/index.php?rest_route=\/wp\/v2\/posts\/48350\/revisions"}],"predecessor-version":[{"id":48354,"href":"http:\/\/informeformosa.com.ar\/index.php?rest_route=\/wp\/v2\/posts\/48350\/revisions\/48354"}],"wp:featuredmedia":[{"embeddable":true,"href":"http:\/\/informeformosa.com.ar\/index.php?rest_route=\/wp\/v2\/media\/48353"}],"wp:attachment":[{"href":"http:\/\/informeformosa.com.ar\/index.php?rest_route=%2Fwp%2Fv2%2Fmedia&parent=48350"}],"wp:term":[{"taxonomy":"category","embeddable":true,"href":"http:\/\/informeformosa.com.ar\/index.php?rest_route=%2Fwp%2Fv2%2Fcategories&post=48350"},{"taxonomy":"post_tag","embeddable":true,"href":"http:\/\/informeformosa.com.ar\/index.php?rest_route=%2Fwp%2Fv2%2Ftags&post=48350"}],"curies":[{"name":"wp","href":"https:\/\/api.w.org\/{rel}","templated":true}]}}