{"id":48334,"date":"2020-07-15T18:44:00","date_gmt":"2020-07-15T21:44:00","guid":{"rendered":"http:\/\/informeformosa.com.ar\/?p=48334"},"modified":"2020-07-15T18:44:02","modified_gmt":"2020-07-15T21:44:02","slug":"esta-abierta-la-convocatoria-para-las-becas-sostener-cultura-ii","status":"publish","type":"post","link":"http:\/\/informeformosa.com.ar\/?p=48334","title":{"rendered":"Est\u00e1 abierta la convocatoria para las becas Sostener Cultura II"},"content":{"rendered":"\n<p>El Ministerio de Cultura de la Naci\u00f3n, junto al Fondo Nacional de las Artes (FNA) y la ANSeS lanzaron \u201cde forma excepcional y extraordinaria\u201d las becas Sostener Cultura para el sector m\u00e1s afectado por la pandemia, con una inversi\u00f3n total de 450 millones de pesos. La convocatoria est\u00e1 abierta hasta el viernes 17 de julio.<\/p>\n\n\n\n<p>\u201cSe trata de una beca que se ha dispuesto desde el Gobierno Nacional en concurrencia con el Fondo Nacional de las Artes y la participaci\u00f3n del Consejo Federal de Cultura\u201d, explic\u00f3 el subsecretario de Cultura de Formosa, el profesor Alfredo Jara.<\/p>\n\n\n\n<p>Precis\u00f3 que las mismas \u201cest\u00e1n destinadas a artistas y trabajadores culturales que no fueron beneficiarios de las becas anteriores que ya se otorgaron a trav\u00e9s de los Institutos Nacionales de Cine, la M\u00fasica y el Teatro y el Consejo Federal de Cultura\u201d, pormenorizando que \u201clas becas son de $30 mil y van a ser pagadas en dos cuotas\u201d.<\/p>\n\n\n\n<p>En ese sentido, aclar\u00f3 el funcionario que \u201cexigen una contraprestaci\u00f3n de servicio, es decir que dignifican a los beneficiarios, ya que devuelven las mismas a trav\u00e9s de una prestaci\u00f3n art\u00edstica de gesti\u00f3n, promoci\u00f3n o un taller de acuerdo al oficio o experiencia que tengan los artistas\u201d.<\/p>\n\n\n\n<p>\u201cLas becas son amplias y pueden acceder a ellas todos los trabajadores culturales que no hayan accedido a otro tipo de becas o subsidios del Fondo Nacional de las Artes ni tampoco quienes perciban actualmente sueldos superiores a la suma de dos salarios m\u00ednimos vitales y m\u00f3viles\u201d, especific\u00f3.<\/p>\n\n\n\n<p>Refiri\u00f3 que para m\u00e1s informaci\u00f3n sobre los requisitos los interesados pueden consultar los sitios&nbsp;<a href=\"http:\/\/www.fnartes.gob.ar\/\" target=\"_blank\" rel=\"noreferrer noopener\">www.fnartes.gob.ar<\/a>&nbsp;y&nbsp;<a href=\"http:\/\/www.cultura.gob.ar\/\" target=\"_blank\" rel=\"noreferrer noopener\">www.cultura.gob.ar<\/a>&nbsp;o enviar un correo a&nbsp;<a href=\"mailto:sostenerculturafna@fnartes.gob.ar\" target=\"_blank\" rel=\"noreferrer noopener\">sostenerculturafna@fnartes.gob.ar<\/a>.<\/p>\n\n\n\n<p>De igual manera, tambi\u00e9n pueden contactarse con la Subsecretar\u00eda de Cultura de Formosa, cuya sede est\u00e1 ubicada en Avenida de Mayo N\u00ba 58, en la ciudad capital. &nbsp;<\/p>\n","protected":false},"excerpt":{"rendered":"<p>El Ministerio de Cultura de la Naci\u00f3n, junto al Fondo Nacional de las Artes (FNA) y la ANSeS lanzaron \u201cde forma excepcional y extraordinaria\u201d las becas Sostener Cultura para el sector m\u00e1s afectado por la pandemia, con una inversi\u00f3n total de 450 millones de pesos. La convocatoria est\u00e1 abierta hasta el viernes 17 de julio. [&hellip;]<\/p>\n","protected":false},"author":11,"featured_media":48339,"comment_status":"open","ping_status":"open","sticky":false,"template":"","format":"standard","meta":{"footnotes":""},"categories":[21],"tags":[],"class_list":["post-48334","post","type-post","status-publish","format-standard","has-post-thumbnail","hentry","category-provinciales"],"_links":{"self":[{"href":"http:\/\/informeformosa.com.ar\/index.php?rest_route=\/wp\/v2\/posts\/48334","targetHints":{"allow":["GET"]}}],"collection":[{"href":"http:\/\/informeformosa.com.ar\/index.php?rest_route=\/wp\/v2\/posts"}],"about":[{"href":"http:\/\/informeformosa.com.ar\/index.php?rest_route=\/wp\/v2\/types\/post"}],"author":[{"embeddable":true,"href":"http:\/\/informeformosa.com.ar\/index.php?rest_route=\/wp\/v2\/users\/11"}],"replies":[{"embeddable":true,"href":"http:\/\/informeformosa.com.ar\/index.php?rest_route=%2Fwp%2Fv2%2Fcomments&post=48334"}],"version-history":[{"count":1,"href":"http:\/\/informeformosa.com.ar\/index.php?rest_route=\/wp\/v2\/posts\/48334\/revisions"}],"predecessor-version":[{"id":48340,"href":"http:\/\/informeformosa.com.ar\/index.php?rest_route=\/wp\/v2\/posts\/48334\/revisions\/48340"}],"wp:featuredmedia":[{"embeddable":true,"href":"http:\/\/informeformosa.com.ar\/index.php?rest_route=\/wp\/v2\/media\/48339"}],"wp:attachment":[{"href":"http:\/\/informeformosa.com.ar\/index.php?rest_route=%2Fwp%2Fv2%2Fmedia&parent=48334"}],"wp:term":[{"taxonomy":"category","embeddable":true,"href":"http:\/\/informeformosa.com.ar\/index.php?rest_route=%2Fwp%2Fv2%2Fcategories&post=48334"},{"taxonomy":"post_tag","embeddable":true,"href":"http:\/\/informeformosa.com.ar\/index.php?rest_route=%2Fwp%2Fv2%2Ftags&post=48334"}],"curies":[{"name":"wp","href":"https:\/\/api.w.org\/{rel}","templated":true}]}}