{"id":48332,"date":"2020-07-15T18:39:40","date_gmt":"2020-07-15T21:39:40","guid":{"rendered":"http:\/\/informeformosa.com.ar\/?p=48332"},"modified":"2020-07-15T18:41:24","modified_gmt":"2020-07-15T21:41:24","slug":"asuntos-juveniles-continua-desarrollando-capacitaciones-online","status":"publish","type":"post","link":"http:\/\/informeformosa.com.ar\/?p=48332","title":{"rendered":"Asuntos Juveniles contin\u00faa desarrollando capacitaciones online"},"content":{"rendered":"\n<p>El director de Asuntos Juveniles, Fernando Galarza, puntualiz\u00f3 sobre los cursos y talleres que se vienen llevando a cabo en la modalidad virtual ante el contexto de pandemia. Los mismos abarcan diversas tem\u00e1ticas de inter\u00e9s para los j\u00f3venes.<\/p>\n\n\n\n<p>\u201cDesde la Direcci\u00f3n estamos desarrollando diferentes actividades en forma virtual y en ese marco este jueves 16 a las 22 horas a trav\u00e9s del Instagram (Juventudes) del organismo se har\u00e1 una entrevista en vivo con un joven profesional que es profesor de Educaci\u00f3n F\u00edsica que se est\u00e1 capacitando en nutrici\u00f3n en el deporte\u201d.<\/p>\n\n\n\n<p>Seg\u00fan se\u00f1al\u00f3, \u201cla idea es conversar sobre la actividad f\u00edsica en la cuarentena y qu\u00e9 deben tener en cuenta los j\u00f3venes que hoy est\u00e1n haciendo sus ejercicios en sus casas\u201d.<\/p>\n\n\n\n<p>A su vez, inform\u00f3 que el pr\u00f3ximo s\u00e1bado 18, a las 19 horas, v\u00eda Zoom se dictar\u00e1 el taller de capacitaci\u00f3n introductorio al registro de obras musicales con el profesor Ricardo Mart\u00ednez.<\/p>\n\n\n\n<p>El mismo es gratuito y est\u00e1 destinado a la juventud en general, ya que \u201chay muchos j\u00f3venes que escriben sus propias canciones no se animan a difundirlos porque no las pueden registrar\u201d, explic\u00f3 Galarza.<\/p>\n\n\n\n<p>Asimismo, indic\u00f3 que \u201cla pr\u00f3xima semana tendremos una charla virtual con una nutricionista que nos hablar\u00e1 sobre la importancia de la alimentaci\u00f3n en la juventud\u201d, agregando que el d\u00eda mi\u00e9rcoles 22 se har\u00e1 a trav\u00e9s de Zoom un conversatorio sobre ciberdelito, que tendr\u00e1 como expositora a la abogada Ver\u00f3nica L\u00f3pez Uriburu, especialista en la tem\u00e1tica.<\/p>\n\n\n\n<p>Finalmente, el funcionario mencion\u00f3 que se ir\u00e1n desarrollando charlas con \u201cj\u00f3venes que cumplieron sue\u00f1os, como deportistas y artistas, quienes van a estar compartiendo de manera online sus experiencias personales\u201d, a\u00f1adiendo que junto a la Direcci\u00f3n de Educaci\u00f3n Superior \u201cestamos dise\u00f1ando un aula virtual para que todos los j\u00f3venes de la provincia puedan realizar capacitaciones virtuales, las que ser\u00e1n auto-asistidas, de manera que cada uno con su usuario y contrase\u00f1a pueda acceder cuando quiera\u201d.&nbsp;<\/p>\n","protected":false},"excerpt":{"rendered":"<p>El director de Asuntos Juveniles, Fernando Galarza, puntualiz\u00f3 sobre los cursos y talleres que se vienen llevando a cabo en la modalidad virtual ante el contexto de pandemia. Los mismos abarcan diversas tem\u00e1ticas de inter\u00e9s para los j\u00f3venes. \u201cDesde la Direcci\u00f3n estamos desarrollando diferentes actividades en forma virtual y en ese marco este jueves 16 [&hellip;]<\/p>\n","protected":false},"author":11,"featured_media":48336,"comment_status":"open","ping_status":"open","sticky":false,"template":"","format":"standard","meta":{"footnotes":""},"categories":[4],"tags":[],"class_list":["post-48332","post","type-post","status-publish","format-standard","has-post-thumbnail","hentry","category-educacion"],"_links":{"self":[{"href":"http:\/\/informeformosa.com.ar\/index.php?rest_route=\/wp\/v2\/posts\/48332","targetHints":{"allow":["GET"]}}],"collection":[{"href":"http:\/\/informeformosa.com.ar\/index.php?rest_route=\/wp\/v2\/posts"}],"about":[{"href":"http:\/\/informeformosa.com.ar\/index.php?rest_route=\/wp\/v2\/types\/post"}],"author":[{"embeddable":true,"href":"http:\/\/informeformosa.com.ar\/index.php?rest_route=\/wp\/v2\/users\/11"}],"replies":[{"embeddable":true,"href":"http:\/\/informeformosa.com.ar\/index.php?rest_route=%2Fwp%2Fv2%2Fcomments&post=48332"}],"version-history":[{"count":1,"href":"http:\/\/informeformosa.com.ar\/index.php?rest_route=\/wp\/v2\/posts\/48332\/revisions"}],"predecessor-version":[{"id":48335,"href":"http:\/\/informeformosa.com.ar\/index.php?rest_route=\/wp\/v2\/posts\/48332\/revisions\/48335"}],"wp:featuredmedia":[{"embeddable":true,"href":"http:\/\/informeformosa.com.ar\/index.php?rest_route=\/wp\/v2\/media\/48336"}],"wp:attachment":[{"href":"http:\/\/informeformosa.com.ar\/index.php?rest_route=%2Fwp%2Fv2%2Fmedia&parent=48332"}],"wp:term":[{"taxonomy":"category","embeddable":true,"href":"http:\/\/informeformosa.com.ar\/index.php?rest_route=%2Fwp%2Fv2%2Fcategories&post=48332"},{"taxonomy":"post_tag","embeddable":true,"href":"http:\/\/informeformosa.com.ar\/index.php?rest_route=%2Fwp%2Fv2%2Ftags&post=48332"}],"curies":[{"name":"wp","href":"https:\/\/api.w.org\/{rel}","templated":true}]}}