{"id":48329,"date":"2020-07-14T20:01:25","date_gmt":"2020-07-14T23:01:25","guid":{"rendered":"http:\/\/informeformosa.com.ar\/?p=48329"},"modified":"2020-07-14T20:01:27","modified_gmt":"2020-07-14T23:01:27","slug":"vuelta-a-clases-insfran-en-videoconferencia-con-trotta","status":"publish","type":"post","link":"http:\/\/informeformosa.com.ar\/?p=48329","title":{"rendered":"Vuelta a clases: Insfr\u00e1n en videoconferencia con Trotta"},"content":{"rendered":"\n<p>El gobernador Gildo Insfr\u00e1n mantuvo una videoconferencia con el Ministro de Educaci\u00f3n de la Naci\u00f3n, Nicol\u00e1s Trotta, y&nbsp; Gobernadores de otras 8 provincias.<\/p>\n\n\n\n<p>Fue este martes, desde su despacho de Casa de Gobierno, donde estuvo acompa\u00f1ado por el ministro de Cultura y Educaci\u00f3n de la provincia, Alberto Zorrilla.<\/p>\n\n\n\n<p>La reuni\u00f3n virtual tuvo comoobjetivo planificar el regreso a las clases presenciales de forma progresiva y escalonada, en zonas donde las condiciones epidemiol\u00f3gicas lo permitan.<\/p>\n\n\n\n<p>\u201cAdem\u00e1s se anunciaron fondos destinados a la inversi\u00f3n en mantenimiento y reparaci\u00f3n de la infraestructura escolar y la compra de insumos de higiene y seguridad\u201d anunci\u00f3 el propio mandatario a trav\u00e9s de sus redes sociales.<\/p>\n\n\n\n<p>Por su parte, el ministro de la cartera educativa nacional explic\u00f3: \u201cDebemos priorizar las zonas, localidades y pueblos donde las condiciones epidemiol\u00f3gicas lo permitan, de modo escalonado con enfoque en los \u00faltimos a\u00f1os de cada nivel, entendiendo que en muchos casos se har\u00e1 de modo alternado, por grupos, combinando presencialidad con trabajo virtual o no presencial\u201d.<\/p>\n\n\n\n<p><strong>Condiciones para el regreso a las aulas<\/strong><\/p>\n\n\n\n<p>Tal como ya estableci\u00f3 el Consejo Federal de Educaci\u00f3n en la Resoluci\u00f3n N\u00ba 364\/2020, la reanudaci\u00f3n de las clases ser\u00e1 escalonada, de acuerdo con criterios epidemiol\u00f3gicos de evoluci\u00f3n de la pandemia, las caracter\u00edsticas sociodemogr\u00e1ficas de cada regi\u00f3n y la identificaci\u00f3n de momentos cr\u00edticos de la escolaridad.<\/p>\n\n\n\n<p>Esto significa que se podr\u00e1n definir distintas fechas de tr\u00e1nsito a la presencialidad entre jurisdicciones, dentro de cada jurisdicci\u00f3n y para los distintos a\u00f1os\/grados escolares. En este sentido, es importante se\u00f1alar que la apertura de una escuela no significa necesariamente que todos los grados o a\u00f1os escolares van a retomar la presencialidad en esta primera etapa.<\/p>\n\n\n\n<p>El encuentro cont\u00f3 con la participaci\u00f3n de los gobernadores provinciales: Ra\u00fal Jalil (Catamarca), Gustavo Vald\u00e9s (Corrientes), Gildo Insfr\u00e1n (Formosa), Oscar Herrera Ahuad (Misiones), Sergio U\u00f1ac (San Juan), Gerardo Zamora (Santiago del Estero), Omar Perotti (Santa Fe), Alberto Rodr\u00edguez Saa (San Luis) y Juan Manzur (Tucum\u00e1n).<\/p>\n","protected":false},"excerpt":{"rendered":"<p>El gobernador Gildo Insfr\u00e1n mantuvo una videoconferencia con el Ministro de Educaci\u00f3n de la Naci\u00f3n, Nicol\u00e1s Trotta, y&nbsp; Gobernadores de otras 8 provincias. Fue este martes, desde su despacho de Casa de Gobierno, donde estuvo acompa\u00f1ado por el ministro de Cultura y Educaci\u00f3n de la provincia, Alberto Zorrilla. La reuni\u00f3n virtual tuvo comoobjetivo planificar el [&hellip;]<\/p>\n","protected":false},"author":11,"featured_media":48330,"comment_status":"open","ping_status":"open","sticky":false,"template":"","format":"standard","meta":{"footnotes":""},"categories":[4],"tags":[],"class_list":["post-48329","post","type-post","status-publish","format-standard","has-post-thumbnail","hentry","category-educacion"],"_links":{"self":[{"href":"http:\/\/informeformosa.com.ar\/index.php?rest_route=\/wp\/v2\/posts\/48329","targetHints":{"allow":["GET"]}}],"collection":[{"href":"http:\/\/informeformosa.com.ar\/index.php?rest_route=\/wp\/v2\/posts"}],"about":[{"href":"http:\/\/informeformosa.com.ar\/index.php?rest_route=\/wp\/v2\/types\/post"}],"author":[{"embeddable":true,"href":"http:\/\/informeformosa.com.ar\/index.php?rest_route=\/wp\/v2\/users\/11"}],"replies":[{"embeddable":true,"href":"http:\/\/informeformosa.com.ar\/index.php?rest_route=%2Fwp%2Fv2%2Fcomments&post=48329"}],"version-history":[{"count":1,"href":"http:\/\/informeformosa.com.ar\/index.php?rest_route=\/wp\/v2\/posts\/48329\/revisions"}],"predecessor-version":[{"id":48331,"href":"http:\/\/informeformosa.com.ar\/index.php?rest_route=\/wp\/v2\/posts\/48329\/revisions\/48331"}],"wp:featuredmedia":[{"embeddable":true,"href":"http:\/\/informeformosa.com.ar\/index.php?rest_route=\/wp\/v2\/media\/48330"}],"wp:attachment":[{"href":"http:\/\/informeformosa.com.ar\/index.php?rest_route=%2Fwp%2Fv2%2Fmedia&parent=48329"}],"wp:term":[{"taxonomy":"category","embeddable":true,"href":"http:\/\/informeformosa.com.ar\/index.php?rest_route=%2Fwp%2Fv2%2Fcategories&post=48329"},{"taxonomy":"post_tag","embeddable":true,"href":"http:\/\/informeformosa.com.ar\/index.php?rest_route=%2Fwp%2Fv2%2Ftags&post=48329"}],"curies":[{"name":"wp","href":"https:\/\/api.w.org\/{rel}","templated":true}]}}