{"id":48316,"date":"2020-07-14T19:57:48","date_gmt":"2020-07-14T22:57:48","guid":{"rendered":"http:\/\/informeformosa.com.ar\/?p=48316"},"modified":"2020-07-14T19:57:50","modified_gmt":"2020-07-14T22:57:50","slug":"este-miercoles-finaliza-el-pago-del-ife-2-en-toda-la-provincia","status":"publish","type":"post","link":"http:\/\/informeformosa.com.ar\/?p=48316","title":{"rendered":"Este mi\u00e9rcoles finaliza el pago del IFE 2 en toda la provincia"},"content":{"rendered":"\n<p>El Ministro de Econom\u00eda, Hacienda y Finanzas, Jorge Oscar Ib\u00e1\u00f1ez, expuso sobre la recuperaci\u00f3n de la actividad econ\u00f3mica respecto al mes de mayo y anunci\u00f3 el cronograma de los diferentes beneficios sociales que otorga el Estado en este contexto de emergencia sanitaria.<\/p>\n\n\n\n<p>En primer lugar, el funcionario present\u00f3 un gr\u00e1fico que explic\u00f3 la leve recuperaci\u00f3n de la econom\u00eda en el pa\u00eds que inici\u00f3 en el mes de mayo.<\/p>\n\n\n\n<p>\u201cSi ven el gr\u00e1fico, hay una tremenda ca\u00edda a un punto m\u00ednimo en abril, mes en el cual toda la econom\u00eda de Argentina estuvo cerrada, por lo tanto, no hubo producci\u00f3n ni consumo\u201d, indic\u00f3.<\/p>\n\n\n\n<p>Y agreg\u00f3: \u201cEl gr\u00e1fico es elocuente de cuando comienza a caer la actividad econ\u00f3mica que comienza en el primer trimestre del a\u00f1o 2018, no se detiene, en 2019 hace un peque\u00f1o pico y luego se acent\u00faa la ca\u00edda a partir de la pandemia del COVID\u201d.<\/p>\n\n\n\n<p>En ese sentido, el titular de la cartera econ\u00f3mica sostuvo que la intenci\u00f3n es mostrar que la econom\u00eda \u201cse est\u00e1 reactivando a pasos muy lentos\u201d y que \u201cel consumo se est\u00e1 acelerando\u201d, pero ahora \u201ctenemos otros problemas\u201d porque los centros de mayor consumo del pa\u00eds, como la CABA, provincia de Buenos Aires y C\u00f3rdoba, tuvieron que retrotraer la apertura de muchas actividades comerciales por los brotes de la pandemia.<\/p>\n\n\n\n<p>De todas maneras, Ib\u00e1\u00f1ez asegur\u00f3 que \u201csomos optimistas en cuanto a esta recuperaci\u00f3n de la actividad\u201d pero que \u201cnos va a costar much\u00edsimo\u201d llegar a \u00edndices de una actividad econ\u00f3mica como la que hubo, por ejemplo, en 2015.<\/p>\n\n\n\n<p><strong>Becas \u201cSostener Cultura II\u201d<\/strong><\/p>\n\n\n\n<p>En otro orden de cosas, el ministro inform\u00f3 sobre las becas \u201cSostener Cultura II\u201d, publicado en el Bolet\u00edn Oficial de la fecha.<\/p>\n\n\n\n<p>\u201cEl Fondo Nacional de las Artes en conjunto con el Ministerio de Cultura de la Naci\u00f3n y la ANSES, lanza de forma excepcional y extraordinaria las becas Sostener Cultura II, una ayuda dirigida a integrantes de la comunidad art\u00edsticas y trabajadores y trabajadoras de la cultura con el objetivo primordial de acompa\u00f1arlos en este momento especial que est\u00e1 atravesando el sector, uno de los m\u00e1s afectados por la pandemia del COVID 19\u201d, argument\u00f3.<\/p>\n\n\n\n<p>En ese contexto, se\u00f1al\u00f3 que los interesados en obtener el beneficio deben ingresar a la p\u00e1gina del Fondo Nacional de las Artes y completar los formularios. Para tal fin, se destinan 450 millones de pesos, lo que significa un monto de hasta 30 mil pesos por persona. El plazo de inscripci\u00f3n es hasta el 17 de julio.<\/p>\n\n\n\n<p><strong>IFE 2<\/strong><\/p>\n\n\n\n<p>Este martes 14 de julio, percibieron el beneficio los DNI terminados en 9 con la inicial de apellido de la A a la M; y el mi\u00e9rcoles 15, misma terminaci\u00f3n, pero de la M a la Z.<\/p>\n\n\n\n<p>En total, los beneficiarios cuyo documento finaliza en 9, son 3559 en la ciudad de Formosa.<\/p>\n\n\n\n<p>Por su parte, en el interior provincial, el cronograma es el mismo para todas las localidades que cuenten con la sucursal del banco, lo que hace un n\u00famero de 3301 personas que tienen DNI finalizado en 9 y cobran el IFE 2.<\/p>\n\n\n\n<p>\u201cDe esta manera, el d\u00eda mi\u00e9rcoles finalizamos el pago por sucursales en todo el territorio provincial\u201d, confirm\u00f3 Ib\u00e1\u00f1ez.<\/p>\n\n\n\n<p><strong>Jubilaciones y pensiones<\/strong><\/p>\n\n\n\n<p>Respecto al cobro de haberes de jubilaciones y pensiones que no superen los $18.952, este martes 14, cobran los DNI terminados en 2, y el mi\u00e9rcoles 15, los que finalizan en 3.<\/p>\n\n\n\n<p><strong>Asignaciones familiares<\/strong><\/p>\n\n\n\n<p>Para la Asignaci\u00f3n Familiar por Hijo y la Asignaci\u00f3n Universal por Hijo, se program\u00f3 el martes 14, con los documentos finalizados en 2, y el mi\u00e9rcoles 15, los que terminan en 3. De igual manera ser\u00e1 para las que perciben la Asignaci\u00f3n por Embarazo.<\/p>\n\n\n\n<p>En relaci\u00f3n al pago de la Tarjeta Alimentar, este martes le corresponde a los DNI terminados en 2; y el mi\u00e9rcoles a los que finalizan en 3.<\/p>\n\n\n\n<p>En lo que compete a la Asignaci\u00f3n prenatal y por maternidad, a los DNI terminados en 2 y 3 se les acredit\u00f3 este martes; y el mi\u00e9rcoles los que finalizan en 4 y 5.<\/p>\n\n\n\n<p><strong>Programa alimentario de PAMI<\/strong><\/p>\n\n\n\n<p>Por otro lado, el titular de la cartera econ\u00f3mica, se refiri\u00f3 al programa alimentario de PAMI, que consta de una suma de 1600 pesos que reemplaza al bols\u00f3n alimentario que se entregaba antes.<\/p>\n\n\n\n<p>A dichos beneficiarios que cuenten con DNI terminados en 2, se les acredit\u00f3 este martes; y el mi\u00e9rcoles para los que finalice en 3. En total son 11.083 personas contenidos en el programa, en todo el territorio provincial.<\/p>\n\n\n\n<p><strong>Otros programas<\/strong><\/p>\n\n\n\n<p>El Programa Hogar, que es un subsidio de la Secretar\u00eda de energ\u00eda para todas aquellas provincias que no cuenten con red de gas natural, de 183 pesos por garrafa, deposit\u00f3 este martes en las cuentas de inscriptos cuyo DNI terminen en 2; y el mi\u00e9rcoles, a los que finalicen en 3.<\/p>\n\n\n\n<p>Para las Becas PROGRESAR, el martes se acredit\u00f3 a los estudiantes cuyo DNI finalicen en 4 y 5; y el mi\u00e9rcoles ser\u00e1 para los que terminen en 6 y 7.<\/p>\n\n\n\n<p>El cronograma del Instituto de Pensiones Sociales de la provincia, para el pago de haberes y aguinaldo, este martes abonar\u00e1 a los DNI finalizados en 3, 4 y 5; y el mi\u00e9rcoles, a los que terminen en 6, 7, 8 y 9.<\/p>\n\n\n\n<p>En lo que respecta al Programa de ayuda econ\u00f3mica individual a cooperativistas, contin\u00faa la entrega de la segunda tanda de tarjetas magn\u00e9ticas, tanto en capital como interior. El martes para los DNI terminados en 1 y el mi\u00e9rcoles, en 2.<\/p>\n","protected":false},"excerpt":{"rendered":"<p>El Ministro de Econom\u00eda, Hacienda y Finanzas, Jorge Oscar Ib\u00e1\u00f1ez, expuso sobre la recuperaci\u00f3n de la actividad econ\u00f3mica respecto al mes de mayo y anunci\u00f3 el cronograma de los diferentes beneficios sociales que otorga el Estado en este contexto de emergencia sanitaria. En primer lugar, el funcionario present\u00f3 un gr\u00e1fico que explic\u00f3 la leve recuperaci\u00f3n [&hellip;]<\/p>\n","protected":false},"author":11,"featured_media":48324,"comment_status":"open","ping_status":"open","sticky":false,"template":"","format":"standard","meta":{"footnotes":""},"categories":[3],"tags":[],"class_list":["post-48316","post","type-post","status-publish","format-standard","has-post-thumbnail","hentry","category-politica-y-economia"],"_links":{"self":[{"href":"http:\/\/informeformosa.com.ar\/index.php?rest_route=\/wp\/v2\/posts\/48316","targetHints":{"allow":["GET"]}}],"collection":[{"href":"http:\/\/informeformosa.com.ar\/index.php?rest_route=\/wp\/v2\/posts"}],"about":[{"href":"http:\/\/informeformosa.com.ar\/index.php?rest_route=\/wp\/v2\/types\/post"}],"author":[{"embeddable":true,"href":"http:\/\/informeformosa.com.ar\/index.php?rest_route=\/wp\/v2\/users\/11"}],"replies":[{"embeddable":true,"href":"http:\/\/informeformosa.com.ar\/index.php?rest_route=%2Fwp%2Fv2%2Fcomments&post=48316"}],"version-history":[{"count":1,"href":"http:\/\/informeformosa.com.ar\/index.php?rest_route=\/wp\/v2\/posts\/48316\/revisions"}],"predecessor-version":[{"id":48325,"href":"http:\/\/informeformosa.com.ar\/index.php?rest_route=\/wp\/v2\/posts\/48316\/revisions\/48325"}],"wp:featuredmedia":[{"embeddable":true,"href":"http:\/\/informeformosa.com.ar\/index.php?rest_route=\/wp\/v2\/media\/48324"}],"wp:attachment":[{"href":"http:\/\/informeformosa.com.ar\/index.php?rest_route=%2Fwp%2Fv2%2Fmedia&parent=48316"}],"wp:term":[{"taxonomy":"category","embeddable":true,"href":"http:\/\/informeformosa.com.ar\/index.php?rest_route=%2Fwp%2Fv2%2Fcategories&post=48316"},{"taxonomy":"post_tag","embeddable":true,"href":"http:\/\/informeformosa.com.ar\/index.php?rest_route=%2Fwp%2Fv2%2Ftags&post=48316"}],"curies":[{"name":"wp","href":"https:\/\/api.w.org\/{rel}","templated":true}]}}