{"id":48315,"date":"2020-07-14T19:57:13","date_gmt":"2020-07-14T22:57:13","guid":{"rendered":"http:\/\/informeformosa.com.ar\/?p=48315"},"modified":"2020-07-14T19:57:16","modified_gmt":"2020-07-14T22:57:16","slug":"formosa-avanza-en-el-trabajo-conjunto-con-la-nacion-en-el-plan-potenciar-trabajo","status":"publish","type":"post","link":"http:\/\/informeformosa.com.ar\/?p=48315","title":{"rendered":"Formosa avanza en el trabajo conjunto con la Naci\u00f3n en el Plan Potenciar Trabajo"},"content":{"rendered":"\n<p>La provincia de Formosa sigue trabajando mancomunadamente con el Gobierno Nacional en el marco del Plan Potenciar Trabajo, lanzado por la gesti\u00f3n del presidente Alberto Fern\u00e1ndez para promover la inclusi\u00f3n socio-productiva y contribuir al mejoramiento de la empleabilidad y la generaci\u00f3n de nuevas propuestas inclusivas.<\/p>\n\n\n\n<p>\u201cLa provincia sigue trabajando con la Naci\u00f3n, espec\u00edficamente con el Ministerio de Desarrollo Social, en un proyecto de unificaci\u00f3n de todos los padrones de planes sociales que tengan que ver con la transferencia de ingresos en un \u00fanico plan que es Potenciar Trabajo\u201d, expuso el ministro de la Comunidad, el doctor An\u00edbal G\u00f3mez, en declaraciones recogidas por AGENFOR.<\/p>\n\n\n\n<p>Puntualiz\u00f3 que en el mismo \u201cconfluir\u00e1n los planes sociales como Argentina Trabaja, Ellas Hacen y otros que cobran $8500 por mes, lo cual es el 50% del salario m\u00ednimo\u201d, marcando que \u201cesta unificaci\u00f3n de la base de datos en el Potenciar Trabajo es una herramienta fundamental porque en la etapa que se viene se apunta a que los beneficiarios tengan que brindar una contraprestaci\u00f3n laboral de cuatro horas por d\u00eda\u201d.<\/p>\n\n\n\n<p>Seg\u00fan precis\u00f3, esta contraprestaci\u00f3n se podr\u00e1 realizar tanto en el sector p\u00fablico como el privado, consignando que ello \u201cpermitir\u00e1 lograr el objetivo de vincular a los planes sociales con la actividad laboral e ir blanqueando esta cuesti\u00f3n\u201d.<\/p>\n\n\n\n<p>En ese sentido, acentu\u00f3 el funcionario que \u201cvenimos trabajando muy fuerte y en poco tiempo m\u00e1s lo vamos a poder implementar en la provincia\u201d, marcando que en Formosa \u201chay m\u00e1s de 6 mil beneficiarios de estos planes sociales, quienes hoy est\u00e1n cobrando estos $8500, que es el 50% del ingreso m\u00ednimo que se debe percibir seg\u00fan el INDEC para cubrir la canasta b\u00e1sica de alimentos\u201d.<\/p>\n\n\n\n<p>\u201cEl objetivo es vincularlos al mundo del trabajo con una contraprestaci\u00f3n para que puedan aumentar sus ingresos y tambi\u00e9n devolverle a la sociedad el esfuerzo que est\u00e1 haciendo para ayudar de esta manera a salir de esta situaci\u00f3n\u201d, apunt\u00f3.<\/p>\n\n\n\n<p><strong>Refuerzo alimentario<\/strong><\/p>\n\n\n\n<p>En otro orden, el ministro G\u00f3mez resalt\u00f3 que \u201clos programas alimentarios que tiene la provincia son muy importantes en esta etapa que estamos atravesando, tanto como la seguridad y la cuesti\u00f3n sanitaria, ya que si no hay una buena alimentaci\u00f3n o nutrici\u00f3n de nuestro pueblo dif\u00edcilmente podremos superar situaciones de alta vulnerabilidad\u201d.<\/p>\n\n\n\n<p>Por lo tanto, ponder\u00f3 que \u201cel gobernador Gildo Insfr\u00e1n haya dispuesto un reforzamiento de todos estos planes que est\u00e1n funcionando con absoluta normalidad\u201d, destacando que \u201ca pesar de la no existencia de clases presenciales en el territorio provincial los comedores escolares siguen funcionando con absoluta normalidad en las escuelas\u201d.<\/p>\n\n\n\n<p>\u201cEsto no se circunscribe solamente a la elaboraci\u00f3n de viandas, sino tambi\u00e9n con la entrega de mercader\u00edas seg\u00fan lo que acuerde cada comunidad educativa \u2013recalc\u00f3-. Lo mismo pasa con otro sector de la sociedad, que son las comunidades abor\u00edgenes, a las que se contin\u00faa entregando las cajas alimentarias, de acuerdo a un cronograma preestablecido\u201d, informando que \u201cen esta semana estaremos trabajando en Clorinda, Loro Cu\u00e9 y Misi\u00f3n Tacaagl\u00e9\u201d.<\/p>\n\n\n\n<p>A su vez, respecto del Plan Alimentario Provincial Nutrir, puso de resalto que asiste a 17 mil familias en la ciudad capital, calific\u00e1ndolo como \u201cabsolutamente revolucionario en el sentido de que se establece una compra directa desde el Estado provincial a los peque\u00f1os productores paipperos para que, sin intermediarios, los productos frescos y de buena calidad lleguen desde las chacras hasta la mesa de los formose\u00f1os que hoy los est\u00e1n necesitando\u201d, concluy\u00f3.&nbsp;<\/p>\n","protected":false},"excerpt":{"rendered":"<p>La provincia de Formosa sigue trabajando mancomunadamente con el Gobierno Nacional en el marco del Plan Potenciar Trabajo, lanzado por la gesti\u00f3n del presidente Alberto Fern\u00e1ndez para promover la inclusi\u00f3n socio-productiva y contribuir al mejoramiento de la empleabilidad y la generaci\u00f3n de nuevas propuestas inclusivas. \u201cLa provincia sigue trabajando con la Naci\u00f3n, espec\u00edficamente con el [&hellip;]<\/p>\n","protected":false},"author":11,"featured_media":48322,"comment_status":"open","ping_status":"open","sticky":false,"template":"","format":"standard","meta":{"footnotes":""},"categories":[21],"tags":[],"class_list":["post-48315","post","type-post","status-publish","format-standard","has-post-thumbnail","hentry","category-provinciales"],"_links":{"self":[{"href":"http:\/\/informeformosa.com.ar\/index.php?rest_route=\/wp\/v2\/posts\/48315","targetHints":{"allow":["GET"]}}],"collection":[{"href":"http:\/\/informeformosa.com.ar\/index.php?rest_route=\/wp\/v2\/posts"}],"about":[{"href":"http:\/\/informeformosa.com.ar\/index.php?rest_route=\/wp\/v2\/types\/post"}],"author":[{"embeddable":true,"href":"http:\/\/informeformosa.com.ar\/index.php?rest_route=\/wp\/v2\/users\/11"}],"replies":[{"embeddable":true,"href":"http:\/\/informeformosa.com.ar\/index.php?rest_route=%2Fwp%2Fv2%2Fcomments&post=48315"}],"version-history":[{"count":1,"href":"http:\/\/informeformosa.com.ar\/index.php?rest_route=\/wp\/v2\/posts\/48315\/revisions"}],"predecessor-version":[{"id":48323,"href":"http:\/\/informeformosa.com.ar\/index.php?rest_route=\/wp\/v2\/posts\/48315\/revisions\/48323"}],"wp:featuredmedia":[{"embeddable":true,"href":"http:\/\/informeformosa.com.ar\/index.php?rest_route=\/wp\/v2\/media\/48322"}],"wp:attachment":[{"href":"http:\/\/informeformosa.com.ar\/index.php?rest_route=%2Fwp%2Fv2%2Fmedia&parent=48315"}],"wp:term":[{"taxonomy":"category","embeddable":true,"href":"http:\/\/informeformosa.com.ar\/index.php?rest_route=%2Fwp%2Fv2%2Fcategories&post=48315"},{"taxonomy":"post_tag","embeddable":true,"href":"http:\/\/informeformosa.com.ar\/index.php?rest_route=%2Fwp%2Fv2%2Ftags&post=48315"}],"curies":[{"name":"wp","href":"https:\/\/api.w.org\/{rel}","templated":true}]}}