{"id":48314,"date":"2020-07-14T19:55:50","date_gmt":"2020-07-14T22:55:50","guid":{"rendered":"http:\/\/informeformosa.com.ar\/?p=48314"},"modified":"2020-07-14T19:55:52","modified_gmt":"2020-07-14T22:55:52","slug":"el-receso-invernal-en-formosa-se-vive-a-traves-de-actividades-virtuales","status":"publish","type":"post","link":"http:\/\/informeformosa.com.ar\/?p=48314","title":{"rendered":"El receso invernal en Formosa se vive a trav\u00e9s de actividades virtuales"},"content":{"rendered":"\n<p>En el marco de acciones articuladas ante la pandemia del COVID-19, el Ministerio de Cultura y Educaci\u00f3n, desde la Subsecretar\u00eda de Cultura, propone para disfrutar las vacaciones invernales atractivas actividades a trav\u00e9s de una plataforma virtual y las redes sociales.<\/p>\n\n\n\n<p>Erica Stock, coordinadora de Pol\u00edticas Socioeducativas de la Subsecretar\u00eda de Cultura, explic\u00f3 que \u201cestamos trabajando desde el Ministerio de Educaci\u00f3n, articulando todas las acciones que hacemos. Tenemos la plataforma&nbsp;<a href=\"https:\/\/culturadigitalformosa.com.ar\/\" target=\"_blank\" rel=\"noreferrer noopener\">https:\/\/culturadigitalformosa.com.ar\/<\/a>, donde hay much\u00edsimas propuestas que vamos actualizando diariamente\u201d.<\/p>\n\n\n\n<p>Indic\u00f3 que durante el receso invernal \u201ctratamos que las actividades sean recreativas\u201d, comentando a modo de ejemplo que \u201cdesde el \u00e1rea de animaci\u00f3n se proponen funciones de circo con payasos y cocina para los chicos, a lo que se suman los cuenta-cuentos, ya que tenemos una biblioteca cultural y habr\u00e1 recreaciones de diversas obras\u201d.<\/p>\n\n\n\n<p>Adem\u00e1s, refiri\u00f3 que \u201cel \u00e1rea de m\u00fasica a cargo de Griselda Paredes dar\u00e1 talleres y actividades para toda la familia\u201d, a\u00f1adiendo que \u201cestas actividades que se difunden en la plataforma virtual tambi\u00e9n estar\u00e1n disponibles en Facebook e Instagram\u201d.<\/p>\n\n\n\n<p><strong>Feria del Libro virtual<\/strong><\/p>\n\n\n\n<p>A su vez, Stock hizo referencia a la 18\u00ba edici\u00f3n de la Feria del Libro Regional, Provincial, Nacional e Internacional que, dadas las circunstancias y el contexto de aislamiento social por la pandemia del coronavirus, fue pensada en car\u00e1cter digital.<\/p>\n\n\n\n<p>El destacado evento se desarrollar\u00e1 del 4 al 8 de septiembre pr\u00f3ximo y se enmarca en el Bicentenario del general Manuel Belgrano, con el lema \u201cM\u00e1s libros, m\u00e1s libres\u201d.<\/p>\n\n\n\n<p>\u201cTrabajaremos con una plataforma online, donde se van a poder inscribir tanto las editoriales como tambi\u00e9n aquellas personas que quieran presentar una propuesta, como un libro, un taller o una conferencia con alguna tem\u00e1tica\u201d, se\u00f1al\u00f3.<\/p>\n\n\n\n<p>Abund\u00f3 diciendo que \u201ctendremos dos modalidades de trabajo: en algunos casos las actividades van a ser transmitidas en vivo y las otras van a ser grabadas, pero tambi\u00e9n tendr\u00e1n su ida y vuelta, ya que habr\u00e1 un espacio de interacci\u00f3n\u201d. &nbsp;<\/p>\n\n\n\n<p>En ese sentido, subray\u00f3 que \u201cla idea es que la feria no sea est\u00e1tica, sino que al contrario haya participaci\u00f3n e interacci\u00f3n\u201d.<\/p>\n\n\n\n<p>M\u00e1s informaci\u00f3n:&nbsp;<a href=\"mailto:feriadellibroformosa@formosa.gob.ar\" target=\"_blank\" rel=\"noreferrer noopener\">feriadellibroformosa@formosa.gob.ar<\/a>.&nbsp;<\/p>\n","protected":false},"excerpt":{"rendered":"<p>En el marco de acciones articuladas ante la pandemia del COVID-19, el Ministerio de Cultura y Educaci\u00f3n, desde la Subsecretar\u00eda de Cultura, propone para disfrutar las vacaciones invernales atractivas actividades a trav\u00e9s de una plataforma virtual y las redes sociales. Erica Stock, coordinadora de Pol\u00edticas Socioeducativas de la Subsecretar\u00eda de Cultura, explic\u00f3 que \u201cestamos trabajando [&hellip;]<\/p>\n","protected":false},"author":11,"featured_media":48320,"comment_status":"open","ping_status":"open","sticky":false,"template":"","format":"standard","meta":{"footnotes":""},"categories":[10],"tags":[],"class_list":["post-48314","post","type-post","status-publish","format-standard","has-post-thumbnail","hentry","category-cultura"],"_links":{"self":[{"href":"http:\/\/informeformosa.com.ar\/index.php?rest_route=\/wp\/v2\/posts\/48314","targetHints":{"allow":["GET"]}}],"collection":[{"href":"http:\/\/informeformosa.com.ar\/index.php?rest_route=\/wp\/v2\/posts"}],"about":[{"href":"http:\/\/informeformosa.com.ar\/index.php?rest_route=\/wp\/v2\/types\/post"}],"author":[{"embeddable":true,"href":"http:\/\/informeformosa.com.ar\/index.php?rest_route=\/wp\/v2\/users\/11"}],"replies":[{"embeddable":true,"href":"http:\/\/informeformosa.com.ar\/index.php?rest_route=%2Fwp%2Fv2%2Fcomments&post=48314"}],"version-history":[{"count":1,"href":"http:\/\/informeformosa.com.ar\/index.php?rest_route=\/wp\/v2\/posts\/48314\/revisions"}],"predecessor-version":[{"id":48321,"href":"http:\/\/informeformosa.com.ar\/index.php?rest_route=\/wp\/v2\/posts\/48314\/revisions\/48321"}],"wp:featuredmedia":[{"embeddable":true,"href":"http:\/\/informeformosa.com.ar\/index.php?rest_route=\/wp\/v2\/media\/48320"}],"wp:attachment":[{"href":"http:\/\/informeformosa.com.ar\/index.php?rest_route=%2Fwp%2Fv2%2Fmedia&parent=48314"}],"wp:term":[{"taxonomy":"category","embeddable":true,"href":"http:\/\/informeformosa.com.ar\/index.php?rest_route=%2Fwp%2Fv2%2Fcategories&post=48314"},{"taxonomy":"post_tag","embeddable":true,"href":"http:\/\/informeformosa.com.ar\/index.php?rest_route=%2Fwp%2Fv2%2Ftags&post=48314"}],"curies":[{"name":"wp","href":"https:\/\/api.w.org\/{rel}","templated":true}]}}