{"id":42253,"date":"2020-03-25T23:57:36","date_gmt":"2020-03-26T02:57:36","guid":{"rendered":"http:\/\/informeformosa.com.ar\/?p=42253"},"modified":"2020-03-25T23:57:40","modified_gmt":"2020-03-26T02:57:40","slug":"desde-la-cartera-de-la-comunidad-afirman-que-la-asistencia-alimentaria-esta-asegurada","status":"publish","type":"post","link":"http:\/\/informeformosa.com.ar\/?p=42253","title":{"rendered":"Desde la cartera de la Comunidad afirman que la asistencia alimentaria est\u00e1 asegurada"},"content":{"rendered":"\n<p>El ministro de la Comunidad, An\u00edbal G\u00f3mez,\ninform\u00f3 que est\u00e1n garantizados el programa alimentario Nutrir y la asistencia\nalimentaria para las comunidades abor\u00edgenes. <\/p>\n\n\n\n<p>\u201cQuiero transmitir a los beneficiarios del\nplan Nutrir y del plan alimentario modalidad aborigen -de todas las comunidades\nde la provincia- que los dos planes alimentarios que est\u00e1 manejando el Gobierno\nde la provincia a trav\u00e9s del Ministerio de la Comunidad, est\u00e1n asegurados\u201d,\npuntualiz\u00f3 G\u00f3mez.<\/p>\n\n\n\n<p>Sobre el cronograma de entregas, indic\u00f3 el\nfuncionario que \u201cEn la medida que transcurran los d\u00edas se estar\u00e1 comunicando\npara coordinar las respectivas entregas, que ser\u00e1n como lo ven\u00edamos haciendo\nhabitualmente\u201d.<\/p>\n\n\n\n<p>Subray\u00f3 G\u00f3mez que los centros de distribuci\u00f3n\nde alimentos \u201cfuncionan normalmente\u201d e invit\u00f3 a los beneficiarios a \u201cretirar\nnormalmente sus frutas, verduras y hortalizas de los centros de alimentaci\u00f3n\u201d.<\/p>\n\n\n\n<p>Puso en valor la organizaci\u00f3n que se lleva\ndesde la entidad para las respectivas entregas, ya que \u201cpara evitar la\ntransmisi\u00f3n del coronavirus, m\u00e1s que nunca hacemos respetar nuestra\norganizaci\u00f3n\u201d.<\/p>\n\n\n\n<p>\u201cLas familias ya est\u00e1n organizadas, cada\nfamilia retira su conjunto de alimentos dos veces al mes la metodolog\u00eda no\ncambi\u00f3, a una familia le toca -por ejemplo- la semana 1 y 3, a otra la 2 y 4, tienen\nya un d\u00eda de la semana y turno (ma\u00f1ana o tarde), establecido\u201d, agreg\u00f3.<\/p>\n\n\n\n<p>Recalc\u00f3 adem\u00e1s la premisa del gobernador\nInsfr\u00e1n en que \u201cno podemos dejar de proveer alimentos\u201d y por ello \u201cla\nalimentaci\u00f3n a las familias vulnerables de la provincia est\u00e1 asegurada\u201d. <\/p>\n\n\n\n<p>Asegur\u00f3 el ministro que el personal que\ntrabaja dentro del organismo lo hace con las medidas de higiene y seguridad\nestablecidas ante la pandemia Covid-19, \u201cel personal pone lo mejor de s\u00ed para\ncontinuar brindando este servicio esencial y para ellos hemos previsto\ncuestiones de bioseguridad como guantes, barbijos y una constante limpieza y\ndesinfecci\u00f3n para atender a la gente\u201d. <\/p>\n\n\n\n<p>Para finalizar, cont\u00f3 la fundamental tarea del\npeque\u00f1o productor agropecuario, el cual \u201csigue trabajando normalmente,\nasegurando la producci\u00f3n de alimentos en esta \u00e9poca cr\u00edtica que estamos\nviviendo\u201d.<\/p>\n","protected":false},"excerpt":{"rendered":"<p>El ministro de la Comunidad, An\u00edbal G\u00f3mez, inform\u00f3 que est\u00e1n garantizados el programa alimentario Nutrir y la asistencia alimentaria para las comunidades abor\u00edgenes. \u201cQuiero transmitir a los beneficiarios del plan Nutrir y del plan alimentario modalidad aborigen -de todas las comunidades de la provincia- que los dos planes alimentarios que est\u00e1 manejando el Gobierno de [&hellip;]<\/p>\n","protected":false},"author":11,"featured_media":42259,"comment_status":"open","ping_status":"open","sticky":false,"template":"","format":"standard","meta":{"footnotes":""},"categories":[2],"tags":[],"class_list":["post-42253","post","type-post","status-publish","format-standard","has-post-thumbnail","hentry","category-locales"],"_links":{"self":[{"href":"http:\/\/informeformosa.com.ar\/index.php?rest_route=\/wp\/v2\/posts\/42253","targetHints":{"allow":["GET"]}}],"collection":[{"href":"http:\/\/informeformosa.com.ar\/index.php?rest_route=\/wp\/v2\/posts"}],"about":[{"href":"http:\/\/informeformosa.com.ar\/index.php?rest_route=\/wp\/v2\/types\/post"}],"author":[{"embeddable":true,"href":"http:\/\/informeformosa.com.ar\/index.php?rest_route=\/wp\/v2\/users\/11"}],"replies":[{"embeddable":true,"href":"http:\/\/informeformosa.com.ar\/index.php?rest_route=%2Fwp%2Fv2%2Fcomments&post=42253"}],"version-history":[{"count":1,"href":"http:\/\/informeformosa.com.ar\/index.php?rest_route=\/wp\/v2\/posts\/42253\/revisions"}],"predecessor-version":[{"id":42260,"href":"http:\/\/informeformosa.com.ar\/index.php?rest_route=\/wp\/v2\/posts\/42253\/revisions\/42260"}],"wp:featuredmedia":[{"embeddable":true,"href":"http:\/\/informeformosa.com.ar\/index.php?rest_route=\/wp\/v2\/media\/42259"}],"wp:attachment":[{"href":"http:\/\/informeformosa.com.ar\/index.php?rest_route=%2Fwp%2Fv2%2Fmedia&parent=42253"}],"wp:term":[{"taxonomy":"category","embeddable":true,"href":"http:\/\/informeformosa.com.ar\/index.php?rest_route=%2Fwp%2Fv2%2Fcategories&post=42253"},{"taxonomy":"post_tag","embeddable":true,"href":"http:\/\/informeformosa.com.ar\/index.php?rest_route=%2Fwp%2Fv2%2Ftags&post=42253"}],"curies":[{"name":"wp","href":"https:\/\/api.w.org\/{rel}","templated":true}]}}